{"id":9364,"date":"2023-10-10T21:57:24","date_gmt":"2023-10-10T19:57:24","guid":{"rendered":"https:\/\/www.brasseurs-air-re2020.com\/deckenventilatoren-und-dynamische-thermische-simulation-welche-staerken-und-grenzen-gibt-es\/"},"modified":"2026-01-06T19:05:01","modified_gmt":"2026-01-06T18:05:01","slug":"deckenventilatoren-und-dynamische-thermische-simulation-welche-staerken-und-grenzen-gibt-es","status":"publish","type":"post","link":"https:\/\/www.brasseurs-air-re2020.com\/de\/deckenventilatoren-und-dynamische-thermische-simulation-welche-staerken-und-grenzen-gibt-es\/","title":{"rendered":"Deckenventilatoren und dynamische thermische Simulation: Welche St\u00e4rken und Grenzen gibt es?"},"content":{"rendered":"<div class=\"pdfprnt-buttons pdfprnt-buttons-post pdfprnt-top-right\"><a href=\"javascript: imageToPdf()\" class=\"pdfprnt-button pdfprnt-button-pdf\" target=\"_self\"><img decoding=\"async\" src=\"https:\/\/www.brasseurs-air-re2020.com\/wp-content\/plugins\/pdf-print\/images\/pdf.png\" alt=\"image_pdf\" title=\"PDF anzeigen\" \/><span class=\"pdfprnt-button-title pdfprnt-button-pdf-title\">T\u00e9l\u00e9charger l\u2019article en PDF<\/span><\/a><\/div><p>[et_pb_section fb_built=&#8221;1&#8243; _builder_version=&#8221;4.16&#8243; _module_preset=&#8221;default&#8221; custom_margin=&#8221;||||false|false&#8221; custom_padding=&#8221;0px||0px||false|false&#8221; global_colors_info=&#8221;{}&#8221;][et_pb_row _builder_version=&#8221;4.21.0&#8243; _module_preset=&#8221;default&#8221; custom_margin=&#8221;||||false|false&#8221; custom_padding=&#8221;||0px||false|false&#8221; global_colors_info=&#8221;{}&#8221;][et_pb_column type=&#8221;4_4&#8243; _builder_version=&#8221;4.16&#8243; _module_preset=&#8221;default&#8221; global_colors_info=&#8221;{}&#8221;][et_pb_text ul_item_indent=&#8221;25px&#8221; _builder_version=&#8221;4.21.0&#8243; _module_preset=&#8221;default&#8221; header_2_font=&#8221;|600|||||||&#8221; header_2_text_color=&#8221;gcid-70ff693f-6f97-4074-be90-9adb196c4afe&#8221; header_3_font=&#8221;|600|||||||&#8221; header_3_text_color=&#8221;gcid-70ff693f-6f97-4074-be90-9adb196c4afe&#8221; header_4_font=&#8221;|600|||||||&#8221; custom_margin=&#8221;||15px||false|false&#8221; custom_padding=&#8221;||0px|||&#8221; global_colors_info=&#8221;{%22gcid-70ff693f-6f97-4074-be90-9adb196c4afe%22:%91%22header_3_text_color%22,%22header_3_text_color%22,%22header_2_text_color%22%93}&#8221;]<\/p>\n<p>Die dynamische thermische Simulation (DTS) hat sich in den letzten Jahren einen Namen gemacht. Diese Methode wird von zahlreichen Umweltzeichen wie Nachhaltigen Geb\u00e4uden, HQE oder BREEAM bevorzugt und erm\u00f6glicht es, den tats\u00e4chlichen Energieverbrauch so genau wie m\u00f6glich zu ermitteln und die Geb\u00e4udeh\u00fclle und -systeme so zu gestalten, dass der Sommerkomfort verbessert wird.<\/p>\n<p>Dennoch bleibt die STD ein Modell. Sie ist keine Garantie f\u00fcr einen einwandfreien thermischen Komfort in der Realit\u00e4t.<\/p>\n<p>Zu den verf\u00fcgbaren Tools geh\u00f6ren TRNSYS und IESVE, aber das STD COMFIE-Modul von Pleiades wird als das in Frankreich von den Planungsb\u00fcros am h\u00e4ufigsten verwendete Tool anerkannt.<\/p>\n<p>[\/et_pb_text][\/et_pb_column][\/et_pb_row][et_pb_row _builder_version=&#8221;4.16&#8243; _module_preset=&#8221;default&#8221; global_colors_info=&#8221;{}&#8221;][et_pb_column type=&#8221;4_4&#8243; _builder_version=&#8221;4.16&#8243; _module_preset=&#8221;default&#8221; global_colors_info=&#8221;{}&#8221;][et_pb_text ul_item_indent=&#8221;25px&#8221; disabled_on=&#8221;off|off|off&#8221; _builder_version=&#8221;4.21.0&#8243; _module_preset=&#8221;default&#8221; header_4_font_size=&#8221;16px&#8221; header_4_line_height=&#8221;1.4em&#8221; background_color=&#8221;#d4f0fc&#8221; custom_padding=&#8221;20px|20px|20px|20px|true|true&#8221; box_shadow_style=&#8221;preset2&#8243; global_colors_info=&#8221;{}&#8221;]<\/p>\n<p>In diesem Artikel konzentrieren wir uns auf die STD-Software von <a href=\"https:\/\/www.izuba.fr\/\" target=\"_blank\" rel=\"noopener\">d\u2019Izuba<\/a> Energies, um zu zeigen, wie man das Beste aus ihr herausholen kann, insbesondere in Bezug auf Luftumw\u00e4lzungen und Sommerkomfort.<\/p>\n<p>Die Bilder stammen aus dem Update vom Oktober 2023. \u00c4ltere Versionen der Software sehen daher anders aus.<\/p>\n<p>Wir empfehlen dringend, vor dem Lesen des folgenden Textes zun\u00e4chst unsere Publikation zu lesen: <a href=\"https:\/\/www.brasseurs-air-re2020.com\/de\/thermischer-komfort-im-sommer-und-deckenventilatoren-kann-man-unser-empfinden-quantifizieren\/\">&#8220;Sommerlicher W\u00e4rmekomfort und Deckenventilatoren: Kann man unser Empfinden quantifizieren?&#8221;.<\/a><\/p>\n<p>Dieser Artikel ist nicht als alternatives Tutorial zur Dokumentation des Softwareherstellers Pleiades gedacht, sondern soll vielmehr spezifische Informationen \u00fcber Luftumw\u00e4lzer in einem STD-Kontext liefern.<\/p>\n<p>Schlie\u00dflich sehen wir eine zunehmende Verwendung von CFD-Modellen (Computational Fluid Dynamics), die eine sehr genaue Simulation von Luftgeschwindigkeiten erm\u00f6glichen. Diese Technik, die sich von der STD unterscheidet, ist derzeit noch recht kostspielig. Da sie nur f\u00fcr eine Minderheit von Projekten geeignet ist, wird sie in der folgenden Ver\u00f6ffentlichung nicht behandelt.<\/p>\n<p>[\/et_pb_text][\/et_pb_column][\/et_pb_row][et_pb_row _builder_version=&#8221;4.16&#8243; _module_preset=&#8221;default&#8221; global_colors_info=&#8221;{}&#8221;][et_pb_column type=&#8221;4_4&#8243; _builder_version=&#8221;4.16&#8243; _module_preset=&#8221;default&#8221; global_colors_info=&#8221;{}&#8221;][et_pb_text ul_item_indent=&#8221;25px&#8221; _builder_version=&#8221;4.21.0&#8243; _module_preset=&#8221;default&#8221; header_2_font=&#8221;|600|||||||&#8221; header_2_text_color=&#8221;gcid-70ff693f-6f97-4074-be90-9adb196c4afe&#8221; header_3_font=&#8221;|600|||||||&#8221; header_3_text_color=&#8221;gcid-70ff693f-6f97-4074-be90-9adb196c4afe&#8221; header_4_font=&#8221;|600|||||||&#8221; custom_margin=&#8221;||15px||false|false&#8221; custom_padding=&#8221;||0px|||&#8221; global_colors_info=&#8221;{%22gcid-70ff693f-6f97-4074-be90-9adb196c4afe%22:%91%22header_3_text_color%22,%22header_3_text_color%22,%22header_2_text_color%22%93}&#8221;]<\/p>\n<h2>Komfortparameter: Welche Eingabedaten?<\/h2>\n<h3>\u00dcberblicksdaten<\/h3>\n<p>Das folgende Schaubild fasst die Eingabedaten f\u00fcr die Komfortanalyse zusammen, die wir blockweise betrachten werden.<\/p>\n<p>[\/et_pb_text][et_pb_image src=&#8221;https:\/\/www.brasseurs-air-re2020.com\/wp-content\/uploads\/2023\/10\/parametres-confort-donnees-ensemble-01.jpg&#8221; alt=&#8221;Gemeinschaftsunterk\u00fcnfte am Mittelmeerrand RE2020&#8243; title_text=&#8221;parametres-confort-donnees-ensemble-01&#8243; src_last_edited=&#8221;off|phone&#8221; _builder_version=&#8221;4.21.0&#8243; _module_preset=&#8221;default&#8221; custom_margin=&#8221;||10px||false|false&#8221; custom_padding=&#8221;||||false|false&#8221; global_colors_info=&#8221;{}&#8221;][\/et_pb_image][et_pb_text ul_item_indent=&#8221;25px&#8221; _builder_version=&#8221;4.21.0&#8243; _module_preset=&#8221;default&#8221; header_2_font=&#8221;|600|||||||&#8221; header_2_text_color=&#8221;gcid-70ff693f-6f97-4074-be90-9adb196c4afe&#8221; header_3_font=&#8221;|600|||||||&#8221; header_3_text_color=&#8221;gcid-70ff693f-6f97-4074-be90-9adb196c4afe&#8221; header_4_font=&#8221;|600|||||||&#8221; custom_margin=&#8221;||15px||false|false&#8221; custom_padding=&#8221;||0px|||&#8221; global_colors_info=&#8221;{%22gcid-70ff693f-6f97-4074-be90-9adb196c4afe%22:%91%22header_3_text_color%22,%22header_3_text_color%22,%22header_2_text_color%22%93}&#8221;]<\/p>\n<p><em>Abbildung 1: Gesamtansicht der Komforteinstellungen<\/em><\/p>\n<p>[\/et_pb_text][et_pb_text ul_item_indent=&#8221;25px&#8221; _builder_version=&#8221;4.21.0&#8243; _module_preset=&#8221;default&#8221; header_2_font=&#8221;|600|||||||&#8221; header_2_text_color=&#8221;gcid-70ff693f-6f97-4074-be90-9adb196c4afe&#8221; header_3_font=&#8221;|600|||||||&#8221; header_3_text_color=&#8221;gcid-70ff693f-6f97-4074-be90-9adb196c4afe&#8221; header_4_font=&#8221;|600|||||||&#8221; custom_margin=&#8221;||15px||false|false&#8221; custom_padding=&#8221;||0px|||&#8221; global_colors_info=&#8221;{%22gcid-70ff693f-6f97-4074-be90-9adb196c4afe%22:%91%22header_3_text_color%22,%22header_3_text_color%22,%22header_2_text_color%22%93}&#8221;]<\/p>\n<h3>Stimmungskategorie<\/h3>\n<p>[\/et_pb_text][et_pb_image src=&#8221;https:\/\/www.brasseurs-air-re2020.com\/wp-content\/uploads\/2023\/10\/parametres-confort-categorie-ensemble-01.jpg&#8221; alt=&#8221;Gemeinschaftsunterk\u00fcnfte am Mittelmeerrand RE2020&#8243; title_text=&#8221;parametres-confort-categorie-ensemble-01&#8243; src_last_edited=&#8221;off|phone&#8221; _builder_version=&#8221;4.21.0&#8243; _module_preset=&#8221;default&#8221; custom_margin=&#8221;||10px||false|false&#8221; custom_padding=&#8221;||||false|false&#8221; global_colors_info=&#8221;{}&#8221;][\/et_pb_image][et_pb_text ul_item_indent=&#8221;25px&#8221; _builder_version=&#8221;4.21.0&#8243; _module_preset=&#8221;default&#8221; header_2_font=&#8221;|600|||||||&#8221; header_2_text_color=&#8221;gcid-70ff693f-6f97-4074-be90-9adb196c4afe&#8221; header_3_font=&#8221;|600|||||||&#8221; header_3_text_color=&#8221;gcid-70ff693f-6f97-4074-be90-9adb196c4afe&#8221; header_4_font=&#8221;|600|||||||&#8221; custom_margin=&#8221;||15px||false|false&#8221; custom_padding=&#8221;||0px|||&#8221; global_colors_info=&#8221;{%22gcid-70ff693f-6f97-4074-be90-9adb196c4afe%22:%91%22header_3_text_color%22,%22header_3_text_color%22,%22header_2_text_color%22%93}&#8221;]<\/p>\n<p><em>Abbildung 2: Block Stimmungskategorie<\/em><\/p>\n<p>[\/et_pb_text][et_pb_text ul_item_indent=&#8221;25px&#8221; _builder_version=&#8221;4.21.0&#8243; _module_preset=&#8221;default&#8221; header_2_font=&#8221;|600|||||||&#8221; header_2_text_color=&#8221;gcid-70ff693f-6f97-4074-be90-9adb196c4afe&#8221; header_3_font=&#8221;|600|||||||&#8221; header_3_text_color=&#8221;gcid-70ff693f-6f97-4074-be90-9adb196c4afe&#8221; header_4_font=&#8221;|600|||||||&#8221; custom_margin=&#8221;||15px||false|false&#8221; custom_padding=&#8221;||0px|||&#8221; global_colors_info=&#8221;{%22gcid-70ff693f-6f97-4074-be90-9adb196c4afe%22:%91%22header_3_text_color%22,%22header_3_text_color%22,%22header_2_text_color%22%93}&#8221;]<\/p>\n<p>Pleiades st\u00fctzt sich auf die Normen EN 15251 (Kriterien f\u00fcr das Raumklima) und EN 7730 (Ergonomie der thermischen Umgebung)<a href=\"#_edn1\" name=\"_ednref1\">[i]<\/a>. Das Tool fordert Sie zun\u00e4chst auf, eine Kategorie f\u00fcr das Raumklima auszuw\u00e4hlen.<\/p>\n<p>Die Wahl der Raumkategorie bestimmt die H\u00f6he der maximalen PPD und PMV. Diese Konzepte zur Beurteilung der thermischen Behaglichkeit werden in dem in der <a href=\"https:\/\/www.brasseurs-air-re2020.com\/de\/thermischer-komfort-im-sommer-und-deckenventilatoren-kann-man-unser-empfinden-quantifizieren\/\" target=\"_blank\" rel=\"noopener\">Einleitung empfohlenen Artikel beschrieben<\/a>.<\/p>\n<p>Die Stufe I der Kategorie Ambiente ist die anspruchsvollste: Hier wird der Prozentsatz der Unzufriedenen auf 6% festgelegt. Danach steigt er in Stufe II auf 10% und in Stufe III auf 15%.<\/p>\n<p>Stufe II wird allgemein empfohlen.<\/p>\n<p>[\/et_pb_text][et_pb_text ul_item_indent=&#8221;25px&#8221; _builder_version=&#8221;4.21.0&#8243; _module_preset=&#8221;default&#8221; header_2_font=&#8221;|600|||||||&#8221; header_2_text_color=&#8221;gcid-70ff693f-6f97-4074-be90-9adb196c4afe&#8221; header_3_font=&#8221;|600|||||||&#8221; header_3_text_color=&#8221;gcid-70ff693f-6f97-4074-be90-9adb196c4afe&#8221; header_4_font=&#8221;|600|||||||&#8221; custom_margin=&#8221;||15px||false|false&#8221; custom_padding=&#8221;||0px|||&#8221; global_colors_info=&#8221;{%22gcid-70ff693f-6f97-4074-be90-9adb196c4afe%22:%91%22header_3_text_color%22,%22header_3_text_color%22,%22header_2_text_color%22%93}&#8221;]<\/p>\n<h3>Komfortgrenztemperaturen<\/h3>\n<p>[\/et_pb_text][et_pb_image src=&#8221;https:\/\/www.brasseurs-air-re2020.com\/wp-content\/uploads\/2023\/10\/parametres-confort-temperatures-limite-confort-01.jpg&#8221; alt=&#8221;Gemeinschaftsunterk\u00fcnfte am Mittelmeerrand RE2020&#8243; title_text=&#8221;parametres-confort-temperatures-limite-confort-01&#8243; src_last_edited=&#8221;off|phone&#8221; _builder_version=&#8221;4.21.0&#8243; _module_preset=&#8221;default&#8221; custom_margin=&#8221;||10px||false|false&#8221; custom_padding=&#8221;||||false|false&#8221; global_colors_info=&#8221;{}&#8221;][\/et_pb_image][et_pb_text ul_item_indent=&#8221;25px&#8221; _builder_version=&#8221;4.21.0&#8243; _module_preset=&#8221;default&#8221; header_2_font=&#8221;|600|||||||&#8221; header_2_text_color=&#8221;gcid-70ff693f-6f97-4074-be90-9adb196c4afe&#8221; header_3_font=&#8221;|600|||||||&#8221; header_3_text_color=&#8221;gcid-70ff693f-6f97-4074-be90-9adb196c4afe&#8221; header_4_font=&#8221;|600|||||||&#8221; custom_margin=&#8221;||15px||false|false&#8221; custom_padding=&#8221;||0px|||&#8221; global_colors_info=&#8221;{%22gcid-70ff693f-6f97-4074-be90-9adb196c4afe%22:%91%22header_3_text_color%22,%22header_3_text_color%22,%22header_2_text_color%22%93}&#8221;]<em>Abbildung 3: Block Grenztemperaturen<\/em>[\/et_pb_text][et_pb_text ul_item_indent=&#8221;25px&#8221; _builder_version=&#8221;4.21.0&#8243; _module_preset=&#8221;default&#8221; header_2_font=&#8221;|600|||||||&#8221; header_2_text_color=&#8221;gcid-70ff693f-6f97-4074-be90-9adb196c4afe&#8221; header_3_font=&#8221;|600|||||||&#8221; header_3_text_color=&#8221;gcid-70ff693f-6f97-4074-be90-9adb196c4afe&#8221; header_4_font=&#8221;|600|||||||&#8221; custom_margin=&#8221;||15px||false|false&#8221; custom_padding=&#8221;||0px|||&#8221; global_colors_info=&#8221;{%22gcid-70ff693f-6f97-4074-be90-9adb196c4afe%22:%91%22header_3_text_color%22,%22header_3_text_color%22,%22header_2_text_color%22%93}&#8221;]<\/p>\n<p>Anschlie\u00dfend k\u00f6nnen Sie eine minimale und eine maximale Komforttemperatur eingeben, die f\u00fcr die Zone verwendet werden. 28\u00b0C ist ein \u00fcblicherweise gew\u00e4hlter hoher Wert. Es ist m\u00f6glich, niedriges Unbehagen zu ignorieren, indem Sie das Kontrollk\u00e4stchen &#8220;Nur warmes Unbehagen&#8221; aktivieren.<\/p>\n<p>Beachten Sie, dass die Komfortgrenzen nach der Simulation in den \u00dcbersichtstabellen der Komfortergebnisse neu festgelegt werden k\u00f6nnen.<\/p>\n<p>[\/et_pb_text][et_pb_text ul_item_indent=&#8221;25px&#8221; _builder_version=&#8221;4.21.0&#8243; _module_preset=&#8221;default&#8221; header_2_font=&#8221;|600|||||||&#8221; header_2_text_color=&#8221;gcid-70ff693f-6f97-4074-be90-9adb196c4afe&#8221; header_3_font=&#8221;|600|||||||&#8221; header_3_text_color=&#8221;gcid-70ff693f-6f97-4074-be90-9adb196c4afe&#8221; header_4_font=&#8221;|600|||||||&#8221; custom_margin=&#8221;||15px||false|false&#8221; custom_padding=&#8221;||0px|||&#8221; global_colors_info=&#8221;{%22gcid-70ff693f-6f97-4074-be90-9adb196c4afe%22:%91%22header_3_text_color%22,%22header_3_text_color%22,%22header_2_text_color%22%93}&#8221;]<\/p>\n<h3>Berechnungsweise des Indikators Gradstunden (DH)<\/h3>\n<p>[\/et_pb_text][et_pb_image src=&#8221;https:\/\/www.brasseurs-air-re2020.com\/wp-content\/uploads\/2023\/10\/parametres-confort-mode-calcul-indicateur-dh-01.jpg&#8221; alt=&#8221;Gemeinschaftsunterk\u00fcnfte am Mittelmeerrand RE2020&#8243; title_text=&#8221;parametres-confort-mode-calcul-indicateur-dh-01&#8243; src_last_edited=&#8221;off|phone&#8221; _builder_version=&#8221;4.21.0&#8243; _module_preset=&#8221;default&#8221; custom_margin=&#8221;||10px||false|false&#8221; custom_padding=&#8221;||||false|false&#8221; global_colors_info=&#8221;{}&#8221;][\/et_pb_image][et_pb_text ul_item_indent=&#8221;25px&#8221; _builder_version=&#8221;4.21.0&#8243; _module_preset=&#8221;default&#8221; header_2_font=&#8221;|600|||||||&#8221; header_2_text_color=&#8221;gcid-70ff693f-6f97-4074-be90-9adb196c4afe&#8221; header_3_font=&#8221;|600|||||||&#8221; header_3_text_color=&#8221;gcid-70ff693f-6f97-4074-be90-9adb196c4afe&#8221; header_4_font=&#8221;|600|||||||&#8221; custom_margin=&#8221;||15px||false|false&#8221; custom_padding=&#8221;||0px||false|false&#8221; global_colors_info=&#8221;{%22gcid-70ff693f-6f97-4074-be90-9adb196c4afe%22:%91%22header_3_text_color%22,%22header_3_text_color%22,%22header_2_text_color%22%93}&#8221;]<em>Abbildung 4: Block Berechnungsmodus f\u00fcr Gradstunden (DH)<\/em>[\/et_pb_text][et_pb_text ul_item_indent=&#8221;25px&#8221; _builder_version=&#8221;4.21.0&#8243; _module_preset=&#8221;default&#8221; header_2_font=&#8221;|600|||||||&#8221; header_2_text_color=&#8221;gcid-70ff693f-6f97-4074-be90-9adb196c4afe&#8221; header_3_font=&#8221;|600|||||||&#8221; header_3_text_color=&#8221;gcid-70ff693f-6f97-4074-be90-9adb196c4afe&#8221; header_4_font=&#8221;|600|||||||&#8221; custom_margin=&#8221;||15px||false|false&#8221; custom_padding=&#8221;||0px|||&#8221; global_colors_info=&#8221;{%22gcid-70ff693f-6f97-4074-be90-9adb196c4afe%22:%91%22header_3_text_color%22,%22header_3_text_color%22,%22header_2_text_color%22%93}&#8221;]<\/p>\n<p>Der Indikator Gradstunden, der aus der RE 2020-Regelung stammt, ist auch in der STD verf\u00fcgbar. Dieser Indikator, der auf die gleiche Weise wie in den Vorschriften berechnet wird, bewertet die Abweichungen zwischen der Geb\u00e4udetemperatur und einer Komforttemperatur (Temperatur, die aufgrund der Temperaturen der vorangegangenen Tage angepasst wurde und zwischen 26 und 28\u00b0C variiert).<\/p>\n<p>Sein Wert stellt die Summe aller gewichteten Unbequemlichkeiten \u00fcber das Jahr dar.<\/p>\n<p>Die Berechnungsmethode unterscheidet sich zwischen Dienstleistungs- und Wohngeb\u00e4uden. Bei letzteren wird der adaptive Komfort in der Nacht nicht ber\u00fccksichtigt, die Grenztemperatur bleibt bei 26\u00b0C.<\/p>\n<p>Mit dem Indikator Grad-Stunden k\u00f6nnen Deckenventilatoren aufgewertet werden. Wenn eine Umw\u00e4lzung stattfindet, wird die obere Komfortgrenze automatisch angepasst, um den Deckenventilator zu ber\u00fccksichtigen. Lassen Sie daher die Temperatur Tmax unver\u00e4ndert.<\/p>\n<p>Die Luftgeschwindigkeit wird aus der &#8220;Luftgeschwindigkeit Sommer&#8221; \u00fcbernommen, die auf Zonenebene eingegeben wurde. Sie kann direkt in der Tabelle in Abbildung 12 unten ge\u00e4ndert werden, um die Indikatoren neu zu berechnen.<\/p>\n<p>[\/et_pb_text][et_pb_image src=&#8221;https:\/\/www.brasseurs-air-re2020.com\/wp-content\/uploads\/2024\/09\/parametres-confort-illustration-calcul-indicateur-dh-01-DE.jpg&#8221; alt=&#8221;Gemeinschaftsunterk\u00fcnfte am Mittelmeerrand RE2020&#8243; title_text=&#8221;parametres-confort-illustration-calcul-indicateur-dh-01&#8243; src_last_edited=&#8221;off|phone&#8221; _builder_version=&#8221;4.21.0&#8243; _module_preset=&#8221;default&#8221; custom_margin=&#8221;||10px||false|false&#8221; custom_padding=&#8221;||||false|false&#8221; global_colors_info=&#8221;{}&#8221;][\/et_pb_image][et_pb_text ul_item_indent=&#8221;25px&#8221; _builder_version=&#8221;4.21.0&#8243; _module_preset=&#8221;default&#8221; header_2_font=&#8221;|600|||||||&#8221; header_2_text_color=&#8221;gcid-70ff693f-6f97-4074-be90-9adb196c4afe&#8221; header_3_font=&#8221;|600|||||||&#8221; header_3_text_color=&#8221;gcid-70ff693f-6f97-4074-be90-9adb196c4afe&#8221; header_4_font=&#8221;|600|||||||&#8221; custom_margin=&#8221;||15px||false|false&#8221; custom_padding=&#8221;||0px||false|false&#8221; global_colors_info=&#8221;{%22gcid-70ff693f-6f97-4074-be90-9adb196c4afe%22:%91%22header_3_text_color%22,%22header_3_text_color%22,%22header_2_text_color%22%93}&#8221;]<em>Abbildung 5: Illustration der Berechnung des Indikators Grad-Stunden<\/em>[\/et_pb_text][et_pb_text ul_item_indent=&#8221;25px&#8221; _builder_version=&#8221;4.21.0&#8243; _module_preset=&#8221;default&#8221; header_2_font=&#8221;|600|||||||&#8221; header_2_text_color=&#8221;gcid-70ff693f-6f97-4074-be90-9adb196c4afe&#8221; header_3_font=&#8221;|600|||||||&#8221; header_3_text_color=&#8221;gcid-70ff693f-6f97-4074-be90-9adb196c4afe&#8221; header_4_font=&#8221;|600|||||||&#8221; custom_margin=&#8221;||15px||false|false&#8221; custom_padding=&#8221;||0px|||&#8221; global_colors_info=&#8221;{%22gcid-70ff693f-6f97-4074-be90-9adb196c4afe%22:%91%22header_3_text_color%22,%22header_3_text_color%22,%22header_2_text_color%22%93}&#8221;]<\/p>\n<h3>Luftgeschwindigkeit &#8220;Sommer&#8221;<\/h3>\n<p>[\/et_pb_text][et_pb_image src=&#8221;https:\/\/www.brasseurs-air-re2020.com\/wp-content\/uploads\/2025\/01\/parametres-confort-vitesse-d-air-ete-01-DE.jpg&#8221; alt=&#8221;Gemeinschaftsunterk\u00fcnfte am Mittelmeerrand RE2020&#8243; title_text=&#8221;parametres-confort-vitesse-d-air-ete-01&#8243; src_last_edited=&#8221;off|phone&#8221; _builder_version=&#8221;4.21.0&#8243; _module_preset=&#8221;default&#8221; custom_margin=&#8221;||10px||false|false&#8221; custom_padding=&#8221;||||false|false&#8221; global_colors_info=&#8221;{}&#8221;][\/et_pb_image][et_pb_text ul_item_indent=&#8221;25px&#8221; _builder_version=&#8221;4.21.0&#8243; _module_preset=&#8221;default&#8221; header_2_font=&#8221;|600|||||||&#8221; header_2_text_color=&#8221;gcid-70ff693f-6f97-4074-be90-9adb196c4afe&#8221; header_3_font=&#8221;|600|||||||&#8221; header_3_text_color=&#8221;gcid-70ff693f-6f97-4074-be90-9adb196c4afe&#8221; header_4_font=&#8221;|600|||||||&#8221; custom_margin=&#8221;||15px||false|false&#8221; custom_padding=&#8221;||0px||false|false&#8221; global_colors_info=&#8221;{%22gcid-70ff693f-6f97-4074-be90-9adb196c4afe%22:%91%22header_3_text_color%22,%22header_3_text_color%22,%22header_2_text_color%22%93}&#8221;]<em>Abbildung 6: Wahl einer Luftgeschwindigkeit f\u00fcr die Sommerperiode<\/em>[\/et_pb_text][et_pb_text ul_item_indent=&#8221;25px&#8221; _builder_version=&#8221;4.21.0&#8243; _module_preset=&#8221;default&#8221; header_2_font=&#8221;|600|||||||&#8221; header_2_text_color=&#8221;gcid-70ff693f-6f97-4074-be90-9adb196c4afe&#8221; header_3_font=&#8221;|600|||||||&#8221; header_3_text_color=&#8221;gcid-70ff693f-6f97-4074-be90-9adb196c4afe&#8221; header_4_font=&#8221;|600|||||||&#8221; custom_margin=&#8221;||15px||false|false&#8221; custom_padding=&#8221;||0px|||&#8221; global_colors_info=&#8221;{%22gcid-70ff693f-6f97-4074-be90-9adb196c4afe%22:%91%22header_3_text_color%22,%22header_3_text_color%22,%22header_2_text_color%22%93}&#8221;]<\/p>\n<p>Diese Luftgeschwindigkeit wird f\u00fcr die Bewertung der Indikatoren Gradstunden, akzeptable Innentemperatur in nicht klimatisierten Bereichen (EN 15251) in der Sommerperiode verwendet. Das Tool bietet nur eine Eingabe in Schritten von 0,5 m\/s.<\/p>\n<p>Die Luftgeschwindigkeit variiert je nach Art des verwendeten Luftumw\u00e4lzers\/Deckenventilators (mit Schaufeln oder ohne Schaufeln) und je nachdem, wo sich der Bewohner in einem bestimmten Raum befindet.<\/p>\n<p>An dieser Stelle zeigen Luftgeschwindigkeitsvisualisierungen ihre Relevanz.<\/p>\n<p>[\/et_pb_text][et_pb_image src=&#8221;https:\/\/www.brasseurs-air-re2020.com\/wp-content\/uploads\/2024\/09\/parametres-confort-representations-2d-03-DE.jpg&#8221; alt=&#8221;Gemeinschaftsunterk\u00fcnfte am Mittelmeerrand RE2020&#8243; title_text=&#8221;parametres-confort-representations-2d-01&#8243; src_last_edited=&#8221;off|phone&#8221; _builder_version=&#8221;4.21.0&#8243; _module_preset=&#8221;default&#8221; custom_margin=&#8221;||10px||false|false&#8221; custom_padding=&#8221;||||false|false&#8221; global_colors_info=&#8221;{}&#8221;][\/et_pb_image][et_pb_text ul_item_indent=&#8221;25px&#8221; _builder_version=&#8221;4.21.0&#8243; _module_preset=&#8221;default&#8221; header_2_font=&#8221;|600|||||||&#8221; header_2_text_color=&#8221;gcid-70ff693f-6f97-4074-be90-9adb196c4afe&#8221; header_3_font=&#8221;|600|||||||&#8221; header_3_text_color=&#8221;gcid-70ff693f-6f97-4074-be90-9adb196c4afe&#8221; header_4_font=&#8221;|600|||||||&#8221; custom_margin=&#8221;||15px||false|false&#8221; custom_padding=&#8221;||0px||false|false&#8221; global_colors_info=&#8221;{%22gcid-70ff693f-6f97-4074-be90-9adb196c4afe%22:%91%22header_3_text_color%22,%22header_3_text_color%22,%22header_2_text_color%22%93}&#8221;]<em>Abbildung 7: Beispiele f\u00fcr die 2D-Darstellung von Luftgeschwindigkeiten bei H\u00f6chstgeschwindigkeit<\/em>[\/et_pb_text][et_pb_text ul_item_indent=&#8221;25px&#8221; _builder_version=&#8221;4.21.0&#8243; _module_preset=&#8221;default&#8221; header_2_font=&#8221;|600|||||||&#8221; header_2_text_color=&#8221;gcid-70ff693f-6f97-4074-be90-9adb196c4afe&#8221; header_3_font=&#8221;|600|||||||&#8221; header_3_text_color=&#8221;gcid-70ff693f-6f97-4074-be90-9adb196c4afe&#8221; header_4_font=&#8221;|600|||||||&#8221; custom_margin=&#8221;||15px||false|false&#8221; custom_padding=&#8221;||0px|||&#8221; global_colors_info=&#8221;{%22gcid-70ff693f-6f97-4074-be90-9adb196c4afe%22:%91%22header_3_text_color%22,%22header_3_text_color%22,%22header_2_text_color%22%93}&#8221;]<\/p>\n<p>Um die obigen Darstellungen richtig zu nutzen, sind hier die ungef\u00e4hren H\u00f6hen der verschiedenen Teile des menschlichen K\u00f6rpers in sitzender Position aufgef\u00fchrt:<\/p>\n<div class=\"table-responsive\">\n<table class=\"table table-bordered\" style=\"width: 100%; border-style: solid; float: left; height: 45px;\" border=\"1px\">\n<thead>\n<tr style=\"height: 15px;\">\n<th style=\"text-align: center; height: 30px; width: 20%;\">K\u00f6rperteil<\/th>\n<th style=\"text-align: center; height: 30px; width: 20%;\">Kopf<\/th>\n<th style=\"text-align: center; width: 20%; height: 30px;\">B\u00fcste<\/th>\n<th style=\"text-align: center; width: 20%; height: 30px;\">G\u00fcrtel<\/th>\n<th style=\"text-align: center; width: 20%; height: 30px;\">D\u00fcbel<\/th>\n<\/tr>\n<\/thead>\n<tbody>\n<tr style=\"height: 15px;\">\n<td style=\"text-align: center; height: 15px;\">H\u00f6he (m)<\/td>\n<td style=\"text-align: center; height: 15px;\">1,40<\/td>\n<td style=\"text-align: center; height: 15px;\">1,00<\/td>\n<td style=\"text-align: center; height: 15px;\">0,60<\/td>\n<td style=\"text-align: center; height: 15px;\">0,10<\/td>\n<\/tr>\n<\/tbody>\n<\/table>\n<\/div>\n<p style=\"text-align: center;\">\u00a0<\/p>\n<p>[\/et_pb_text][\/et_pb_column][\/et_pb_row][et_pb_row _builder_version=&#8221;4.21.0&#8243; _module_preset=&#8221;default&#8221; custom_margin=&#8221;||||false|false&#8221; custom_padding=&#8221;0px||||false|false&#8221; global_colors_info=&#8221;{}&#8221;][et_pb_column type=&#8221;4_4&#8243; _builder_version=&#8221;4.16&#8243; _module_preset=&#8221;default&#8221; global_colors_info=&#8221;{}&#8221;][et_pb_text ul_item_indent=&#8221;25px&#8221; _builder_version=&#8221;4.21.0&#8243; _module_preset=&#8221;default&#8221; header_2_font=&#8221;|600|||||||&#8221; header_2_text_color=&#8221;gcid-70ff693f-6f97-4074-be90-9adb196c4afe&#8221; header_3_font=&#8221;|600|||||||&#8221; header_3_text_color=&#8221;gcid-70ff693f-6f97-4074-be90-9adb196c4afe&#8221; header_4_font=&#8221;|600|||||||&#8221; custom_margin=&#8221;||0px||false|false&#8221; custom_padding=&#8221;||0px|||&#8221; global_colors_info=&#8221;{%22gcid-70ff693f-6f97-4074-be90-9adb196c4afe%22:%91%22header_3_text_color%22,%22header_3_text_color%22,%22header_2_text_color%22%93}&#8221;]<\/p>\n<p>Es ist auch zu beachten, dass die Luftgeschwindigkeit durch die Anwesenheit von Mobiliar verringert wird. So haben wir im Rahmen einer Messkampagne an einem Schulstandort eine Verringerung der durchschnittlichen Luftgeschwindigkeit um 25% in Anwesenheit von Schulm\u00f6beln beobachtet, was eine ungef\u00e4hre Vorstellung vermittelt.<\/p>\n<p>Da die N\u00e4he zum Luftumw\u00e4lzer, das Vorhandensein von M\u00f6beln und die Position der Nutzer variable Daten sind, ist die Luftgeschwindigkeit nicht im gesamten Bereich gleichm\u00e4\u00dfig.<\/p>\n<p>Es geht also darum, eine Geschwindigkeitsann\u00e4herung zu nehmen, die f\u00fcr die meisten Insassen gilt.<\/p>\n<p>Es handelt sich um eine Luftgeschwindigkeit bei <strong>maximaler Durchflussrate<\/strong>, die in der Rubrik &#8220;Luftgeschwindigkeit \u00fcber 25\u00b0C&#8221; eingegeben werden muss. Unsere R\u00fcckmeldungen zeigen jedoch, dass eine Geschwindigkeit von mehr als 1 m\/s au\u00dferhalb von Labors sehr optimistisch erscheint.<\/p>\n<p>Wie das BRASSE-Programm<a href=\"#_edn2\" name=\"_ednref2\">[ii]<\/a>, gezeigt hat, f\u00fchrt die Luftgeschwindigkeit bereits bei 0,2 m\/s zu einem K\u00fchleffekt von 1,5 \u00b0C. Die Luftgeschwindigkeit ist also ein wichtiger Faktor, um die Lufttemperatur zu senken.<\/p>\n<p>Ein gutes Layout<a href=\"#_edn3\" name=\"_ednref3\">[iii]<\/a>, das eine ausreichende Dichte an Deckenventilatoren vorsieht und allen Bewohnern die M\u00f6glichkeit gibt, die eingegebene Luftgeschwindigkeit zu erreichen, ist unerl\u00e4sslich.<\/p>\n<p>Hier sind unsere Messungen der durchschnittlichen Luftgeschwindigkeit an f\u00fcnf Punkten in drei verschiedenen H\u00f6hen (Kopf, Oberk\u00f6rper, Taille) in einem geschlossenen Raum ohne M\u00f6bel.<\/p>\n<div class=\"table-responsive\">\n<table class=\"table table-bordered\" style=\"width: 100%; border-style: solid; float: left; height: 45px;\" border=\"1px\">\n<thead>\n<tr style=\"height: 15px;\">\n<th style=\"text-align: center; height: 30px; width: 50%;\">Gemessene Luftgeschwindigkeit (m\/s)<\/th>\n<th style=\"text-align: center; height: 30px; width: 50%;\">Geschlossenes Volumen (Schlafzimmer), 1 Braumeister\/12 m\u00b2 Raum ohne Mobiliar<\/th>\n<\/tr>\n<\/thead>\n<tbody>\n<tr style=\"height: 15px;\">\n<td style=\"text-align: center; height: 15px;\">Exhale (ohne Schaufeln)<\/td>\n<td style=\"text-align: center; height: 15px;\">0,65<\/td>\n<\/tr>\n<tr>\n<td style=\"text-align: center;\">Samarat (Dreiblatt-Monoblock)\u00a0<\/td>\n<td style=\"text-align: center;\">0,80<\/td>\n<\/tr>\n<\/tbody>\n<\/table>\n<\/div>\n<p style=\"text-align: center;\">\u00a0<\/p>\n<p>[\/et_pb_text][\/et_pb_column][\/et_pb_row][et_pb_row _builder_version=&#8221;4.16&#8243; _module_preset=&#8221;default&#8221; global_colors_info=&#8221;{}&#8221;][et_pb_column type=&#8221;4_4&#8243; _builder_version=&#8221;4.16&#8243; _module_preset=&#8221;default&#8221; global_colors_info=&#8221;{}&#8221;][et_pb_text ul_item_indent=&#8221;25px&#8221; _builder_version=&#8221;4.21.0&#8243; _module_preset=&#8221;default&#8221; header_2_font=&#8221;|600|||||||&#8221; header_2_text_color=&#8221;gcid-70ff693f-6f97-4074-be90-9adb196c4afe&#8221; header_3_font=&#8221;|600|||||||&#8221; header_3_text_color=&#8221;gcid-70ff693f-6f97-4074-be90-9adb196c4afe&#8221; header_4_font=&#8221;|600|||||||&#8221; custom_margin=&#8221;||15px||false|false&#8221; custom_padding=&#8221;||0px|||&#8221; global_colors_info=&#8221;{%22gcid-70ff693f-6f97-4074-be90-9adb196c4afe%22:%91%22header_3_text_color%22,%22header_3_text_color%22,%22header_2_text_color%22%93}&#8221;]<\/p>\n<h3>Stoffwechsel und Luftgeschwindigkeit<\/h3>\n<p>[\/et_pb_text][et_pb_image src=&#8221;https:\/\/www.brasseurs-air-re2020.com\/wp-content\/uploads\/2023\/10\/parametres-confort-metabolisme-vitesse-d-air-01.jpg&#8221; alt=&#8221;Gemeinschaftsunterk\u00fcnfte am Mittelmeerrand RE2020&#8243; title_text=&#8221;parametres-confort-metabolisme-vitesse-d-air-01&#8243; src_last_edited=&#8221;off|phone&#8221; _builder_version=&#8221;4.21.0&#8243; _module_preset=&#8221;default&#8221; custom_margin=&#8221;||10px||false|false&#8221; custom_padding=&#8221;||||false|false&#8221; global_colors_info=&#8221;{}&#8221;][\/et_pb_image][et_pb_text ul_item_indent=&#8221;25px&#8221; _builder_version=&#8221;4.21.0&#8243; _module_preset=&#8221;default&#8221; header_2_font=&#8221;|600|||||||&#8221; header_2_text_color=&#8221;gcid-70ff693f-6f97-4074-be90-9adb196c4afe&#8221; header_3_font=&#8221;|600|||||||&#8221; header_3_text_color=&#8221;gcid-70ff693f-6f97-4074-be90-9adb196c4afe&#8221; header_4_font=&#8221;|600|||||||&#8221; custom_margin=&#8221;||15px||false|false&#8221; custom_padding=&#8221;||0px|||&#8221; global_colors_info=&#8221;{%22gcid-70ff693f-6f97-4074-be90-9adb196c4afe%22:%91%22header_3_text_color%22,%22header_3_text_color%22,%22header_2_text_color%22%93}&#8221;]<em>Abbildung 8: Block Allgemeines<\/em>[\/et_pb_text][et_pb_text ul_item_indent=&#8221;25px&#8221; _builder_version=&#8221;4.21.0&#8243; _module_preset=&#8221;default&#8221; header_2_font=&#8221;|600|||||||&#8221; header_2_text_color=&#8221;gcid-70ff693f-6f97-4074-be90-9adb196c4afe&#8221; header_3_font=&#8221;|600|||||||&#8221; header_3_text_color=&#8221;gcid-70ff693f-6f97-4074-be90-9adb196c4afe&#8221; header_4_font=&#8221;|600|||||||&#8221; custom_margin=&#8221;||15px||false|false&#8221; custom_padding=&#8221;||0px|||&#8221; global_colors_info=&#8221;{%22gcid-70ff693f-6f97-4074-be90-9adb196c4afe%22:%91%22header_3_text_color%22,%22header_3_text_color%22,%22header_2_text_color%22%93}&#8221;]<\/p>\n<p>Der Stoffwechsel (MET) entspricht der Aktivit\u00e4t der Bewohner: Die Palette der Auswahlm\u00f6glichkeiten erscheint in Abbildung 9, wobei jede Stufe der Stoffwechselaktivit\u00e4t einem Wert entspricht. F\u00fcr eine B\u00fcrot\u00e4tigkeit w\u00fcrde man &#8220;sitzende Ruhe&#8221; w\u00e4hlen, MET=1. F\u00fcr einen Lehrer k\u00f6nnte man &#8220;leichte Aktivit\u00e4t im Stehen&#8221; w\u00e4hlen, MET =1,6. Der Anstieg des MET-Wertes spiegelt den Energieverbrauch des K\u00f6rpers wider, der daher eine Abk\u00fchlung ben\u00f6tigt.<\/p>\n<p>Das ist zum Beispiel der Grund f\u00fcr einen speziell f\u00fcr Lehrer gedachten Deckenventilator, der senkrecht \u00fcber dem Lehrerarbeitsplatz angebracht wird.<\/p>\n<p>[\/et_pb_text][et_pb_image src=&#8221;https:\/\/www.brasseurs-air-re2020.com\/wp-content\/uploads\/2023\/10\/parametres-confort-metabolisme-01.jpg&#8221; alt=&#8221;Gemeinschaftsunterk\u00fcnfte am Mittelmeerrand RE2020&#8243; title_text=&#8221;parametres-confort-metabolisme-01&#8243; src_last_edited=&#8221;off|phone&#8221; _builder_version=&#8221;4.21.0&#8243; _module_preset=&#8221;default&#8221; custom_margin=&#8221;||10px||false|false&#8221; custom_padding=&#8221;||||false|false&#8221; global_colors_info=&#8221;{}&#8221;][\/et_pb_image][et_pb_text ul_item_indent=&#8221;25px&#8221; _builder_version=&#8221;4.21.0&#8243; _module_preset=&#8221;default&#8221; header_2_font=&#8221;|600|||||||&#8221; header_2_text_color=&#8221;gcid-70ff693f-6f97-4074-be90-9adb196c4afe&#8221; header_3_font=&#8221;|600|||||||&#8221; header_3_text_color=&#8221;gcid-70ff693f-6f97-4074-be90-9adb196c4afe&#8221; header_4_font=&#8221;|600|||||||&#8221; custom_margin=&#8221;||15px||false|false&#8221; custom_padding=&#8221;||0px|||&#8221; global_colors_info=&#8221;{%22gcid-70ff693f-6f97-4074-be90-9adb196c4afe%22:%91%22header_3_text_color%22,%22header_3_text_color%22,%22header_2_text_color%22%93}&#8221;]<em>Abbildung 9: Stoffwechsel<\/em>[\/et_pb_text][et_pb_text ul_item_indent=&#8221;25px&#8221; _builder_version=&#8221;4.21.0&#8243; _module_preset=&#8221;default&#8221; header_2_font=&#8221;|600|||||||&#8221; header_2_text_color=&#8221;gcid-70ff693f-6f97-4074-be90-9adb196c4afe&#8221; header_3_font=&#8221;|600|||||||&#8221; header_3_text_color=&#8221;gcid-70ff693f-6f97-4074-be90-9adb196c4afe&#8221; header_4_font=&#8221;|600|||||||&#8221; custom_margin=&#8221;||15px||false|false&#8221; custom_padding=&#8221;||0px|||&#8221; global_colors_info=&#8221;{%22gcid-70ff693f-6f97-4074-be90-9adb196c4afe%22:%91%22header_3_text_color%22,%22header_3_text_color%22,%22header_2_text_color%22%93}&#8221;]<\/p>\n<p>Die Luftgeschwindigkeit wird ebenfalls in dieser Rubrik Allgemeines eingegeben. Dabei handelt es sich um eine <strong>j\u00e4hrliche<\/strong> Basisangabe und nicht um die Luftgeschwindigkeit im<strong> Sommer<\/strong>, weshalb wir einen Wert zwischen 0 und 0,1 empfehlen.<\/p>\n<p>In der Heizperiode wird die vorteilhafte Seite von Deckenventilatoren in Bezug auf die Destratifikation und Energieeinsparung von Pleiades nicht ber\u00fccksichtigt. Aus diesem Grund behandeln wir die Wintersaison nicht und konzentrieren uns auf die Sommersaison.<\/p>\n<p>[\/et_pb_text][et_pb_text ul_item_indent=&#8221;25px&#8221; _builder_version=&#8221;4.21.0&#8243; _module_preset=&#8221;default&#8221; header_2_font=&#8221;|600|||||||&#8221; header_2_text_color=&#8221;gcid-70ff693f-6f97-4074-be90-9adb196c4afe&#8221; header_3_font=&#8221;|600|||||||&#8221; header_3_text_color=&#8221;gcid-70ff693f-6f97-4074-be90-9adb196c4afe&#8221; header_4_font=&#8221;|600|||||||&#8221; custom_margin=&#8221;||15px||false|false&#8221; custom_padding=&#8221;||0px|||&#8221; global_colors_info=&#8221;{%22gcid-70ff693f-6f97-4074-be90-9adb196c4afe%22:%91%22header_3_text_color%22,%22header_3_text_color%22,%22header_2_text_color%22%93}&#8221;]<\/p>\n<h3>Kleidung f\u00fcr die Berechnung der PPD\/PMV-Indikatoren<\/h3>\n<p>[\/et_pb_text][et_pb_image src=&#8221;https:\/\/www.brasseurs-air-re2020.com\/wp-content\/uploads\/2023\/10\/parametres-confort-habillement-calcul-indicateur-ppd-pmv-01.jpg&#8221; alt=&#8221;Gemeinschaftsunterk\u00fcnfte am Mittelmeerrand RE2020&#8243; title_text=&#8221;parametres-confort-habillement-calcul-indicateur-ppd-pmv-01&#8243; src_last_edited=&#8221;off|phone&#8221; _builder_version=&#8221;4.21.0&#8243; _module_preset=&#8221;default&#8221; custom_margin=&#8221;||10px||false|false&#8221; custom_padding=&#8221;||||false|false&#8221; global_colors_info=&#8221;{}&#8221;][\/et_pb_image][et_pb_text ul_item_indent=&#8221;25px&#8221; _builder_version=&#8221;4.21.0&#8243; _module_preset=&#8221;default&#8221; header_2_font=&#8221;|600|||||||&#8221; header_2_text_color=&#8221;gcid-70ff693f-6f97-4074-be90-9adb196c4afe&#8221; header_3_font=&#8221;|600|||||||&#8221; header_3_text_color=&#8221;gcid-70ff693f-6f97-4074-be90-9adb196c4afe&#8221; header_4_font=&#8221;|600|||||||&#8221; custom_margin=&#8221;||15px||false|false&#8221; custom_padding=&#8221;||0px|||&#8221; global_colors_info=&#8221;{%22gcid-70ff693f-6f97-4074-be90-9adb196c4afe%22:%91%22header_3_text_color%22,%22header_3_text_color%22,%22header_2_text_color%22%93}&#8221;]<em>Abbildung 10: Werte des Bekleidungsniveaus, mit Modulation der Kleidung<\/em>[\/et_pb_text][et_pb_text ul_item_indent=&#8221;25px&#8221; _builder_version=&#8221;4.21.0&#8243; _module_preset=&#8221;default&#8221; header_2_font=&#8221;|600|||||||&#8221; header_2_text_color=&#8221;gcid-70ff693f-6f97-4074-be90-9adb196c4afe&#8221; header_3_font=&#8221;|600|||||||&#8221; header_3_text_color=&#8221;gcid-70ff693f-6f97-4074-be90-9adb196c4afe&#8221; header_4_font=&#8221;|600|||||||&#8221; custom_margin=&#8221;||15px||false|false&#8221; custom_padding=&#8221;||0px|||&#8221; global_colors_info=&#8221;{%22gcid-70ff693f-6f97-4074-be90-9adb196c4afe%22:%91%22header_3_text_color%22,%22header_3_text_color%22,%22header_2_text_color%22%93}&#8221;]<\/p>\n<p>Der f\u00fcr die Bekleidung anzunehmende Wert sollte sich an den in den betreffenden R\u00e4umlichkeiten \u00fcblichen Praktiken orientieren. Es versteht sich von selbst, dass je leichter man gekleidet ist, desto leichter ist es, hohen Temperaturen ohne Klimaanlage standzuhalten.<\/p>\n<p>Es ist m\u00f6glich, die Dinge noch weiter zu verfeinern, indem man mit der Modulation der Kleidung f\u00fcr denselben Bereich spielt, d. h. die Bewohner k\u00f6nnen innerhalb einer Jahreszeit Kleidungsschichten hinzuf\u00fcgen oder entfernen.<\/p>\n<p>[\/et_pb_text][et_pb_image src=&#8221;https:\/\/www.brasseurs-air-re2020.com\/wp-content\/uploads\/2023\/10\/parametres-confort-valeur-niveau-habillement-01.jpg&#8221; alt=&#8221;Gemeinschaftsunterk\u00fcnfte am Mittelmeerrand RE2020&#8243; title_text=&#8221;parametres-confort-valeur-niveau-habillement-01&#8243; src_last_edited=&#8221;off|phone&#8221; _builder_version=&#8221;4.21.0&#8243; _module_preset=&#8221;default&#8221; custom_margin=&#8221;||10px||false|false&#8221; custom_padding=&#8221;||||false|false&#8221; global_colors_info=&#8221;{}&#8221;][\/et_pb_image][et_pb_text ul_item_indent=&#8221;25px&#8221; _builder_version=&#8221;4.21.0&#8243; _module_preset=&#8221;default&#8221; header_2_font=&#8221;|600|||||||&#8221; header_2_text_color=&#8221;gcid-70ff693f-6f97-4074-be90-9adb196c4afe&#8221; header_3_font=&#8221;|600|||||||&#8221; header_3_text_color=&#8221;gcid-70ff693f-6f97-4074-be90-9adb196c4afe&#8221; header_4_font=&#8221;|600|||||||&#8221; custom_margin=&#8221;||15px||false|false&#8221; custom_padding=&#8221;||0px|||&#8221; global_colors_info=&#8221;{%22gcid-70ff693f-6f97-4074-be90-9adb196c4afe%22:%91%22header_3_text_color%22,%22header_3_text_color%22,%22header_2_text_color%22%93}&#8221;]<em>Abbildung 11: Werte f\u00fcr die Kleidungsstufe<\/em>[\/et_pb_text][\/et_pb_column][\/et_pb_row][et_pb_row _builder_version=&#8221;4.21.0&#8243; _module_preset=&#8221;default&#8221; custom_margin=&#8221;||0px||false|false&#8221; custom_padding=&#8221;||0px||false|false&#8221; global_colors_info=&#8221;{}&#8221;][et_pb_column type=&#8221;4_4&#8243; _builder_version=&#8221;4.16&#8243; _module_preset=&#8221;default&#8221; global_colors_info=&#8221;{}&#8221;][et_pb_text ul_item_indent=&#8221;25px&#8221; _builder_version=&#8221;4.21.0&#8243; _module_preset=&#8221;default&#8221; header_2_font=&#8221;|600|||||||&#8221; header_2_text_color=&#8221;gcid-70ff693f-6f97-4074-be90-9adb196c4afe&#8221; header_3_font=&#8221;|600|||||||&#8221; header_3_text_color=&#8221;gcid-70ff693f-6f97-4074-be90-9adb196c4afe&#8221; header_4_font=&#8221;|600|||||||&#8221; custom_margin=&#8221;||15px||false|false&#8221; custom_padding=&#8221;||0px|||&#8221; global_colors_info=&#8221;{%22gcid-70ff693f-6f97-4074-be90-9adb196c4afe%22:%91%22header_3_text_color%22,%22header_3_text_color%22,%22header_2_text_color%22%93}&#8221;]<\/p>\n<h2>Diagramme zur thermischen Behaglichkeit<\/h2>\n<p>Nach Abschluss dieser Einstellungen m\u00fcssen Sie die Berechnungen starten und dann im Dropdown-Men\u00fc in der Kopfzeile der Ergebnis\u00fcbersicht &#8220;Komfort&#8221; ausw\u00e4hlen.<\/p>\n<p>[\/et_pb_text][et_pb_image src=&#8221;https:\/\/www.brasseurs-air-re2020.com\/wp-content\/uploads\/2023\/10\/diagrammes-confor-thermique-synthese-01.jpg&#8221; alt=&#8221;Gemeinschaftsunterk\u00fcnfte am Mittelmeerrand RE2020&#8243; title_text=&#8221;diagrammes-confor-thermique-synthese-01&#8243; src_last_edited=&#8221;off|phone&#8221; _builder_version=&#8221;4.21.0&#8243; _module_preset=&#8221;default&#8221; custom_margin=&#8221;||10px||false|false&#8221; custom_padding=&#8221;||||false|false&#8221; global_colors_info=&#8221;{}&#8221;][\/et_pb_image][et_pb_text ul_item_indent=&#8221;25px&#8221; _builder_version=&#8221;4.21.0&#8243; _module_preset=&#8221;default&#8221; header_2_font=&#8221;|600|||||||&#8221; header_2_text_color=&#8221;gcid-70ff693f-6f97-4074-be90-9adb196c4afe&#8221; header_3_font=&#8221;|600|||||||&#8221; header_3_text_color=&#8221;gcid-70ff693f-6f97-4074-be90-9adb196c4afe&#8221; header_4_font=&#8221;|600|||||||&#8221; custom_margin=&#8221;||15px||false|false&#8221; custom_padding=&#8221;||0px|||&#8221; global_colors_info=&#8221;{%22gcid-70ff693f-6f97-4074-be90-9adb196c4afe%22:%91%22header_3_text_color%22,%22header_3_text_color%22,%22header_2_text_color%22%93}&#8221;]<em>Abbildung 12: Zusammenfassung der Ergebnisse Komfort<\/em>[\/et_pb_text][et_pb_text ul_item_indent=&#8221;25px&#8221; _builder_version=&#8221;4.21.0&#8243; _module_preset=&#8221;default&#8221; header_2_font=&#8221;|600|||||||&#8221; header_2_text_color=&#8221;gcid-70ff693f-6f97-4074-be90-9adb196c4afe&#8221; header_3_font=&#8221;|600|||||||&#8221; header_3_text_color=&#8221;gcid-70ff693f-6f97-4074-be90-9adb196c4afe&#8221; header_4_font=&#8221;|600|||||||&#8221; custom_margin=&#8221;||15px||false|false&#8221; custom_padding=&#8221;||0px|||&#8221; global_colors_info=&#8221;{%22gcid-70ff693f-6f97-4074-be90-9adb196c4afe%22:%91%22header_3_text_color%22,%22header_3_text_color%22,%22header_2_text_color%22%93}&#8221;]<\/p>\n<p>Diese \u00dcbersicht bietet Zugang zu allen Komfortindikatoren.<\/p>\n<p>[\/et_pb_text][et_pb_text ul_item_indent=&#8221;25px&#8221; _builder_version=&#8221;4.21.0&#8243; _module_preset=&#8221;default&#8221; header_2_font=&#8221;|600|||||||&#8221; header_2_text_color=&#8221;gcid-70ff693f-6f97-4074-be90-9adb196c4afe&#8221; header_3_font=&#8221;|600|||||||&#8221; header_3_text_color=&#8221;gcid-70ff693f-6f97-4074-be90-9adb196c4afe&#8221; header_4_font=&#8221;|600|||||||&#8221; custom_margin=&#8221;||15px||false|false&#8221; custom_padding=&#8221;||0px|||&#8221; global_colors_info=&#8221;{%22gcid-70ff693f-6f97-4074-be90-9adb196c4afe%22:%91%22header_3_text_color%22,%22header_3_text_color%22,%22header_2_text_color%22%93}&#8221;]<\/p>\n<h3>Unbequeme Stunden<\/h3>\n<p>In der obigen Tabelle k\u00f6nnen Sie insbesondere, Zone f\u00fcr Zone, die Stunden mit Unbehaglichkeit und den Prozentsatz der Zeit mit Unbehaglichkeit unterhalb der unteren Grenze und oberhalb der oberen Grenze beobachten. Diese Grenzen k\u00f6nnen direkt in der Tabelle ge\u00e4ndert werden, um die Indikatoren neu zu berechnen.<\/p>\n<p>[\/et_pb_text][\/et_pb_column][\/et_pb_row][et_pb_row _builder_version=&#8221;4.21.0&#8243; _module_preset=&#8221;default&#8221; custom_margin=&#8221;||0px||false|false&#8221; custom_padding=&#8221;||0px||false|false&#8221; global_colors_info=&#8221;{}&#8221;][et_pb_column type=&#8221;4_4&#8243; _builder_version=&#8221;4.16&#8243; _module_preset=&#8221;default&#8221; global_colors_info=&#8221;{}&#8221;][et_pb_text ul_item_indent=&#8221;25px&#8221; _builder_version=&#8221;4.21.0&#8243; _module_preset=&#8221;default&#8221; header_2_font=&#8221;|600|||||||&#8221; header_2_text_color=&#8221;gcid-70ff693f-6f97-4074-be90-9adb196c4afe&#8221; header_3_font=&#8221;|600|||||||&#8221; header_3_text_color=&#8221;gcid-70ff693f-6f97-4074-be90-9adb196c4afe&#8221; header_4_font=&#8221;|600|||||||&#8221; custom_margin=&#8221;||15px||false|false&#8221; custom_padding=&#8221;||0px|||&#8221; global_colors_info=&#8221;{%22gcid-70ff693f-6f97-4074-be90-9adb196c4afe%22:%91%22header_3_text_color%22,%22header_3_text_color%22,%22header_2_text_color%22%93}&#8221;]<\/p>\n<h3>Givoni-Diagramm<\/h3>\n<p>Diese Grafik zeigt die Zonen des thermischen Komforts im Sommer unter Ber\u00fccksichtigung der Temperatur, der Luftgeschwindigkeit und der Luftfeuchtigkeit.<\/p>\n<p>Aufgrund seiner Klarheit und Didaktik ist dieses Diagramm vor allem bei Bauherren sehr beliebt.<\/p>\n<p>Es ber\u00fccksichtigt jedoch nicht die individuelle Reaktion jedes Einzelnen auf eine bestimmte Temperatur und Luftfeuchtigkeit. Au\u00dferdem bezieht er die allm\u00e4hliche Anpassung des menschlichen K\u00f6rpers an die Temperatur nicht mit ein, die Dynamik der Anpassung wird nicht ber\u00fccksichtigt.<\/p>\n<p>[\/et_pb_text][et_pb_image src=&#8221;https:\/\/www.brasseurs-air-re2020.com\/wp-content\/uploads\/2023\/10\/diagrammes-confort-thermique-givoni-01.jpg&#8221; alt=&#8221;Gemeinschaftsunterk\u00fcnfte am Mittelmeerrand RE2020&#8243; title_text=&#8221;diagrammes-confort-thermique-givoni-01&#8243; src_last_edited=&#8221;off|phone&#8221; _builder_version=&#8221;4.21.0&#8243; _module_preset=&#8221;default&#8221; custom_margin=&#8221;||10px||false|false&#8221; custom_padding=&#8221;||||false|false&#8221; global_colors_info=&#8221;{}&#8221;][\/et_pb_image][et_pb_text ul_item_indent=&#8221;25px&#8221; _builder_version=&#8221;4.21.0&#8243; _module_preset=&#8221;default&#8221; header_2_font=&#8221;|600|||||||&#8221; header_2_text_color=&#8221;gcid-70ff693f-6f97-4074-be90-9adb196c4afe&#8221; header_3_font=&#8221;|600|||||||&#8221; header_3_text_color=&#8221;gcid-70ff693f-6f97-4074-be90-9adb196c4afe&#8221; header_4_font=&#8221;|600|||||||&#8221; custom_margin=&#8221;||15px||false|false&#8221; custom_padding=&#8221;||0px|||&#8221; global_colors_info=&#8221;{%22gcid-70ff693f-6f97-4074-be90-9adb196c4afe%22:%91%22header_3_text_color%22,%22header_3_text_color%22,%22header_2_text_color%22%93}&#8221;]<em>Abbildung 13: Givoni-Diagramm (Sommer)<\/em>[\/et_pb_text][et_pb_text ul_item_indent=&#8221;25px&#8221; _builder_version=&#8221;4.21.0&#8243; _module_preset=&#8221;default&#8221; header_2_font=&#8221;|600|||||||&#8221; header_2_text_color=&#8221;gcid-70ff693f-6f97-4074-be90-9adb196c4afe&#8221; header_3_font=&#8221;|600|||||||&#8221; header_3_text_color=&#8221;gcid-70ff693f-6f97-4074-be90-9adb196c4afe&#8221; header_4_font=&#8221;|600|||||||&#8221; custom_margin=&#8221;||15px||false|false&#8221; custom_padding=&#8221;||0px|||&#8221; global_colors_info=&#8221;{%22gcid-70ff693f-6f97-4074-be90-9adb196c4afe%22:%91%22header_3_text_color%22,%22header_3_text_color%22,%22header_2_text_color%22%93}&#8221;]<\/p>\n<h3>Adaptiver Komfort<\/h3>\n<p>Unten sehen Sie die Grenzen der Zonen, die unter Ber\u00fccksichtigung der Umgebungskategorie (hier Kategorie II) definiert wurden. Punkte, die au\u00dferhalb dieser Grenzen liegen, entsprechen unangenehmen Stunden. Hier liegen alle Punkte unterhalb der oberen Grenze.<\/p>\n<p>[\/et_pb_text][et_pb_image src=&#8221;https:\/\/www.brasseurs-air-re2020.com\/wp-content\/uploads\/2023\/10\/diagrammes-confort-thermique-confort-adaptatif-01.jpg&#8221; alt=&#8221;Gemeinschaftsunterk\u00fcnfte am Mittelmeerrand RE2020&#8243; title_text=&#8221;diagrammes-confort-thermique-confort-adaptatif-01&#8243; src_last_edited=&#8221;off|phone&#8221; _builder_version=&#8221;4.21.0&#8243; _module_preset=&#8221;default&#8221; custom_margin=&#8221;||10px||false|false&#8221; custom_padding=&#8221;||||false|false&#8221; global_colors_info=&#8221;{}&#8221;][\/et_pb_image][et_pb_text ul_item_indent=&#8221;25px&#8221; _builder_version=&#8221;4.21.0&#8243; _module_preset=&#8221;default&#8221; header_2_font=&#8221;|600|||||||&#8221; header_2_text_color=&#8221;gcid-70ff693f-6f97-4074-be90-9adb196c4afe&#8221; header_3_font=&#8221;|600|||||||&#8221; header_3_text_color=&#8221;gcid-70ff693f-6f97-4074-be90-9adb196c4afe&#8221; header_4_font=&#8221;|600|||||||&#8221; custom_margin=&#8221;||15px||false|false&#8221; custom_padding=&#8221;||0px|||&#8221; global_colors_info=&#8221;{%22gcid-70ff693f-6f97-4074-be90-9adb196c4afe%22:%91%22header_3_text_color%22,%22header_3_text_color%22,%22header_2_text_color%22%93}&#8221;]<em>Abbildung 14: Diagramm adaptiver Komfort (Sommer)<\/em>[\/et_pb_text][et_pb_text ul_item_indent=&#8221;25px&#8221; _builder_version=&#8221;4.21.0&#8243; _module_preset=&#8221;default&#8221; header_2_font=&#8221;|600|||||||&#8221; header_2_text_color=&#8221;gcid-70ff693f-6f97-4074-be90-9adb196c4afe&#8221; header_3_font=&#8221;|600|||||||&#8221; header_3_text_color=&#8221;gcid-70ff693f-6f97-4074-be90-9adb196c4afe&#8221; header_4_font=&#8221;|600|||||||&#8221; custom_margin=&#8221;||15px||false|false&#8221; custom_padding=&#8221;||0px|||&#8221; global_colors_info=&#8221;{%22gcid-70ff693f-6f97-4074-be90-9adb196c4afe%22:%91%22header_3_text_color%22,%22header_3_text_color%22,%22header_2_text_color%22%93}&#8221;]<\/p>\n<p>Unter sommerlichen Komfortbedingungen (Innenbetriebstemperaturen &gt; 25 \u00b0C) und bei Vorhandensein eines Deckenventilators gem\u00e4\u00df der Norm (adaptiver Komfortteil) erh\u00f6hen sich die Obergrenzen in der folgenden Grafik um einige Grad.<\/p>\n<p>[\/et_pb_text][et_pb_image src=&#8221;https:\/\/www.brasseurs-air-re2020.com\/wp-content\/uploads\/2023\/10\/diagrammes-confort-thermique-relation-temperature-operative-vitesse-air-01.jpg&#8221; alt=&#8221;Gemeinschaftsunterk\u00fcnfte am Mittelmeerrand RE2020&#8243; title_text=&#8221;diagrammes-confort-thermique-relation-temperature-operative-vitesse-air-01&#8243; src_last_edited=&#8221;off|phone&#8221; _builder_version=&#8221;4.21.0&#8243; _module_preset=&#8221;default&#8221; custom_margin=&#8221;||10px||false|false&#8221; custom_padding=&#8221;||||false|false&#8221; global_colors_info=&#8221;{}&#8221;][\/et_pb_image][et_pb_text ul_item_indent=&#8221;25px&#8221; _builder_version=&#8221;4.21.0&#8243; _module_preset=&#8221;default&#8221; header_2_font=&#8221;|600|||||||&#8221; header_2_text_color=&#8221;gcid-70ff693f-6f97-4074-be90-9adb196c4afe&#8221; header_3_font=&#8221;|600|||||||&#8221; header_3_text_color=&#8221;gcid-70ff693f-6f97-4074-be90-9adb196c4afe&#8221; header_4_font=&#8221;|600|||||||&#8221; custom_margin=&#8221;||15px||false|false&#8221; custom_padding=&#8221;||0px|||&#8221; global_colors_info=&#8221;{%22gcid-70ff693f-6f97-4074-be90-9adb196c4afe%22:%91%22header_3_text_color%22,%22header_3_text_color%22,%22header_2_text_color%22%93}&#8221;]<em>Abbildung 15: Verh\u00e4ltnis zwischen Betriebstemperatur und Luftgeschwindigkeit<\/em>[\/et_pb_text][\/et_pb_column][\/et_pb_row][et_pb_row _builder_version=&#8221;4.16&#8243; _module_preset=&#8221;default&#8221; global_colors_info=&#8221;{}&#8221;][et_pb_column type=&#8221;4_4&#8243; _builder_version=&#8221;4.16&#8243; _module_preset=&#8221;default&#8221; global_colors_info=&#8221;{}&#8221;][et_pb_text ul_item_indent=&#8221;25px&#8221; _builder_version=&#8221;4.21.0&#8243; _module_preset=&#8221;default&#8221; header_2_font=&#8221;|600|||||||&#8221; header_2_text_color=&#8221;gcid-70ff693f-6f97-4074-be90-9adb196c4afe&#8221; header_3_font=&#8221;|600|||||||&#8221; header_3_text_color=&#8221;gcid-70ff693f-6f97-4074-be90-9adb196c4afe&#8221; header_4_font=&#8221;|600|||||||&#8221; custom_margin=&#8221;||15px||false|false&#8221; custom_padding=&#8221;||0px|||&#8221; global_colors_info=&#8221;{%22gcid-70ff693f-6f97-4074-be90-9adb196c4afe%22:%91%22header_3_text_color%22,%22header_3_text_color%22,%22header_2_text_color%22%93}&#8221;]<\/p>\n<h3>PMV\/PPD<\/h3>\n<p>Sommerliche PMV\/PPD-Berechnungen gelten <strong>ausschlie\u00dflich<\/strong> f\u00fcr R\u00e4ume, die w\u00e4hrend der Sommersaison klimatisiert werden (und f\u00fcr alle R\u00e4ume, die im Winter beheizt werden). Diese Konzepte zur Beurteilung der thermischen Behaglichkeit werden in dem in der <a href=\"https:\/\/www.brasseurs-air-re2020.com\/de\/thermischer-komfort-im-sommer-und-deckenventilatoren-kann-man-unser-empfinden-quantifizieren\/\" target=\"_blank\" rel=\"noopener\">Einleitung empfohlenen Artikel beschrieben<\/a>.<\/p>\n<p>Die folgende PMV\/PPD-Ansicht bezieht sich ausschlie\u00dflich auf die <strong>Klimatisierungsperiode<\/strong>. W\u00e4hrend dieser Saison wird die blaue Unzufriedenheitsgrenze von 10 % (linke Skala) praktisch nie \u00fcberschritten. Sie ber\u00fccksichtigt nicht die m\u00f6gliche Luftgeschwindigkeit, die von den Deckenventilatoren eingebracht wird.<\/p>\n<p>Auch die roten Grenzen, die f\u00fcr die Durchschnittsstimme bei 0,5 (rechte Skala) festgelegt wurden, wurden in diesem Zeitraum praktisch nicht \u00fcberschritten. Zur Erinnerung: +1 steht f\u00fcr &#8220;leicht warm&#8221;, -1 f\u00fcr &#8220;leicht kalt&#8221;.<\/p>\n<p>[\/et_pb_text][et_pb_image src=&#8221;https:\/\/www.brasseurs-air-re2020.com\/wp-content\/uploads\/2023\/10\/diagrammes-confort-thermique-pmv-ppd-01.jpg&#8221; alt=&#8221;Gemeinschaftsunterk\u00fcnfte am Mittelmeerrand RE2020&#8243; title_text=&#8221;diagrammes-confort-thermique-pmv-ppd-01&#8243; src_last_edited=&#8221;off|phone&#8221; _builder_version=&#8221;4.21.0&#8243; _module_preset=&#8221;default&#8221; custom_margin=&#8221;||10px||false|false&#8221; custom_padding=&#8221;||||false|false&#8221; global_colors_info=&#8221;{}&#8221;][\/et_pb_image][et_pb_text ul_item_indent=&#8221;25px&#8221; _builder_version=&#8221;4.21.0&#8243; _module_preset=&#8221;default&#8221; header_2_font=&#8221;|600|||||||&#8221; header_2_text_color=&#8221;gcid-70ff693f-6f97-4074-be90-9adb196c4afe&#8221; header_3_font=&#8221;|600|||||||&#8221; header_3_text_color=&#8221;gcid-70ff693f-6f97-4074-be90-9adb196c4afe&#8221; header_4_font=&#8221;|600|||||||&#8221; custom_margin=&#8221;||15px||false|false&#8221; custom_padding=&#8221;||0px|||&#8221; global_colors_info=&#8221;{%22gcid-70ff693f-6f97-4074-be90-9adb196c4afe%22:%91%22header_3_text_color%22,%22header_3_text_color%22,%22header_2_text_color%22%93}&#8221;]<em>Abbildung 16: PMV\/PPD-Diagramm (Sommer)<\/em>[\/et_pb_text][\/et_pb_column][\/et_pb_row][et_pb_row _builder_version=&#8221;4.16&#8243; _module_preset=&#8221;default&#8221; global_colors_info=&#8221;{}&#8221;][et_pb_column type=&#8221;4_4&#8243; _builder_version=&#8221;4.16&#8243; _module_preset=&#8221;default&#8221; global_colors_info=&#8221;{}&#8221;][et_pb_text ul_item_indent=&#8221;25px&#8221; _builder_version=&#8221;4.21.0&#8243; _module_preset=&#8221;default&#8221; header_2_font=&#8221;|600|||||||&#8221; header_2_text_color=&#8221;gcid-70ff693f-6f97-4074-be90-9adb196c4afe&#8221; header_3_font=&#8221;|600|||||||&#8221; header_3_text_color=&#8221;gcid-70ff693f-6f97-4074-be90-9adb196c4afe&#8221; header_4_font=&#8221;|600|||||||&#8221; custom_margin=&#8221;||15px||false|false&#8221; custom_padding=&#8221;||0px|||&#8221; global_colors_info=&#8221;{%22gcid-70ff693f-6f97-4074-be90-9adb196c4afe%22:%91%22header_3_text_color%22,%22header_3_text_color%22,%22header_2_text_color%22%93}&#8221;]<\/p>\n<h2>Kopplung von Klimaanlagen und Luftventilatoren: Integration von Verbrauchsgewinnen<\/h2>\n<p>Bei einer Kopplung von Klimaanlagen und Deckenventilatoren k\u00f6nnen die Verbrauchseinsparungen \u00fcber SED, Berechnung des Verbrauchs mit Systemen, gesch\u00e4tzt werden.<\/p>\n<p>So wird der Thermiker in einer ersten Simulation eine Standardberechnung mit Klimaanlage durchf\u00fchren. In einer zweiten Berechnung wird er sowohl :<\/p>\n<ul>\n<li>die Erh\u00f6hung des Klimasollwerts (z. B. auf 28 \u00b0C) unter Ber\u00fccksichtigung des gef\u00fchlten Temperaturgewinns durch den Einsatz von Deckenventilatoren. Das Diagramm aus dem Woods Ventilation Guide <a href=\"https:\/\/www.brasseurs-air-re2020.com\/de\/thermischer-komfort-im-sommer-und-deckenventilatoren-kann-man-unser-empfinden-quantifizieren\/\" target=\"_blank\" rel=\"noopener\">(siehe unseren Artikel zum thermischen Komfort im Sommer) kann als Inspiration dienen.<\/a>.<\/li>\n<li>Reduzierung der Klimatisierungszeiten unter Ber\u00fccksichtigung der Auswirkungen von Deckenventilatoren in der Zwischensaison.<\/li>\n<\/ul>\n<p>[\/et_pb_text][et_pb_image src=&#8221;https:\/\/www.brasseurs-air-re2020.com\/wp-content\/uploads\/2023\/10\/couplage-climatisation-brasseur-air-gains-consommation-01.jpg&#8221; alt=&#8221;Gemeinschaftsunterk\u00fcnfte am Mittelmeerrand RE2020&#8243; title_text=&#8221;couplage-climatisation-brasseur-air-gains-consommation-01&#8243; src_last_edited=&#8221;off|phone&#8221; _builder_version=&#8221;4.21.0&#8243; _module_preset=&#8221;default&#8221; custom_margin=&#8221;||10px||false|false&#8221; custom_padding=&#8221;||||false|false&#8221; global_colors_info=&#8221;{}&#8221;][\/et_pb_image][et_pb_text ul_item_indent=&#8221;25px&#8221; _builder_version=&#8221;4.21.0&#8243; _module_preset=&#8221;default&#8221; header_2_font=&#8221;|600|||||||&#8221; header_2_text_color=&#8221;gcid-70ff693f-6f97-4074-be90-9adb196c4afe&#8221; header_3_font=&#8221;|600|||||||&#8221; header_3_text_color=&#8221;gcid-70ff693f-6f97-4074-be90-9adb196c4afe&#8221; header_4_font=&#8221;|600|||||||&#8221; custom_margin=&#8221;||15px||false|false&#8221; custom_padding=&#8221;||0px|||&#8221; global_colors_info=&#8221;{%22gcid-70ff693f-6f97-4074-be90-9adb196c4afe%22:%91%22header_3_text_color%22,%22header_3_text_color%22,%22header_2_text_color%22%93}&#8221;]<em>Abbildung 17: \u00c4nderung der Dauer der Klimasaison (Entwurf)<\/em>[\/et_pb_text][et_pb_image src=&#8221;https:\/\/www.brasseurs-air-re2020.com\/wp-content\/uploads\/2023\/10\/couplage-climatisation-brasseur-air-gains-consommation-modification-consignes-01.jpg&#8221; alt=&#8221;Gemeinschaftsunterk\u00fcnfte am Mittelmeerrand RE2020&#8243; title_text=&#8221;couplage-climatisation-brasseur-air-gains-consommation-modification-consignes-01&#8243; src_last_edited=&#8221;off|phone&#8221; _builder_version=&#8221;4.21.0&#8243; _module_preset=&#8221;default&#8221; custom_margin=&#8221;||10px||false|false&#8221; custom_padding=&#8221;||||false|false&#8221; global_colors_info=&#8221;{}&#8221;][\/et_pb_image][et_pb_text ul_item_indent=&#8221;25px&#8221; _builder_version=&#8221;4.21.0&#8243; _module_preset=&#8221;default&#8221; header_2_font=&#8221;|600|||||||&#8221; header_2_text_color=&#8221;gcid-70ff693f-6f97-4074-be90-9adb196c4afe&#8221; header_3_font=&#8221;|600|||||||&#8221; header_3_text_color=&#8221;gcid-70ff693f-6f97-4074-be90-9adb196c4afe&#8221; header_4_font=&#8221;|600|||||||&#8221; custom_margin=&#8221;||15px||false|false&#8221; custom_padding=&#8221;||0px|||&#8221; global_colors_info=&#8221;{%22gcid-70ff693f-6f97-4074-be90-9adb196c4afe%22:%91%22header_3_text_color%22,%22header_3_text_color%22,%22header_2_text_color%22%93}&#8221;]<em>Abbildung 18: \u00c4ndern der Temperatursollwerte (Geb\u00e4ude)<\/em>[\/et_pb_text][\/et_pb_column][\/et_pb_row][et_pb_row _builder_version=&#8221;4.16&#8243; _module_preset=&#8221;default&#8221; global_colors_info=&#8221;{}&#8221;][et_pb_column type=&#8221;4_4&#8243; _builder_version=&#8221;4.16&#8243; _module_preset=&#8221;default&#8221; global_colors_info=&#8221;{}&#8221;][et_pb_text ul_item_indent=&#8221;25px&#8221; _builder_version=&#8221;4.21.0&#8243; _module_preset=&#8221;default&#8221; header_2_font=&#8221;|600|||||||&#8221; header_2_text_color=&#8221;gcid-70ff693f-6f97-4074-be90-9adb196c4afe&#8221; header_3_font=&#8221;|600|||||||&#8221; header_3_text_color=&#8221;gcid-70ff693f-6f97-4074-be90-9adb196c4afe&#8221; header_4_font=&#8221;|600|||||||&#8221; custom_margin=&#8221;||15px||false|false&#8221; custom_padding=&#8221;||0px|||&#8221; global_colors_info=&#8221;{%22gcid-70ff693f-6f97-4074-be90-9adb196c4afe%22:%91%22header_3_text_color%22,%22header_3_text_color%22,%22header_2_text_color%22%93}&#8221;]<\/p>\n<h2>STD mit Pleaides: Auf dem Weg zu einem noch besseren Tool?<\/h2>\n<p>Das STD-Modul COMFIE von Pleaides wird zu Recht gesch\u00e4tzt, um Fragen des Sommerkomforts zu behandeln. Es st\u00fctzt sich auf anerkannte Normen, zeigt wichtige Werte (Anzahl der Stunden mit Unbehagen), erm\u00f6glicht die Ber\u00fccksichtigung von Deckenventilatoren, erleichtert die bioklimatische Planung des Geb\u00e4udes\u2026<\/p>\n<p>Die Geschichte ist jedoch noch nicht zu Ende, und wir glauben, dass in zuk\u00fcnftigen Ausgaben der Software noch weitere Verbesserungen vorgenommen werden sollten, um die Ber\u00fccksichtigung von Deckenventilatoren zu optimieren:<\/p>\n<ul>\n<li>Integration der europ\u00e4ischen Norm EN 16798, die die Norm EN 15251 ersetzt;<\/li>\n<li>Integration der US-amerikanischen Norm ASHRAE 55-2020 ;<\/li>\n<li>und damit einhergehend eine Erweiterung des Spektrums an m\u00f6glichen Luftgeschwindigkeiten im Sommer;<\/li>\n<li>Aktualisierung von Grafiken, z. B. auf der Grundlage der Open-Source-Arbeiten des Zentrums f\u00fcr die bebaute Umwelt der Universit\u00e4t Berkeley in Kalifornien (PMV und Adaptiver Komfort).<\/li>\n<li>Energiegewinn durch die Destratifikation im Winter (fast 30% in hohen R\u00e4umen).<\/li>\n<\/ul>\n<p>Alles in allem bietet die Nutzung von STD zur Verbesserung der Geb\u00e4udeplanung, insbesondere zur Bew\u00e4ltigung der hohen Sommertemperaturen, sehr gute Aussichten.<\/p>\n<p>[\/et_pb_text][\/et_pb_column][\/et_pb_row][et_pb_row _builder_version=&#8221;4.16&#8243; _module_preset=&#8221;default&#8221; global_colors_info=&#8221;{}&#8221;][et_pb_column type=&#8221;4_4&#8243; _builder_version=&#8221;4.16&#8243; _module_preset=&#8221;default&#8221; global_colors_info=&#8221;{}&#8221;][et_pb_text ul_item_indent=&#8221;25px&#8221; _builder_version=&#8221;4.21.0&#8243; _module_preset=&#8221;default&#8221; header_3_font=&#8221;|600|||||||&#8221; header_3_text_color=&#8221;gcid-70ff693f-6f97-4074-be90-9adb196c4afe&#8221; header_4_font=&#8221;|600|||||||&#8221; custom_padding=&#8221;||0px|||&#8221; global_colors_info=&#8221;{%22gcid-70ff693f-6f97-4074-be90-9adb196c4afe%22:%91%22header_3_text_color%22%93}&#8221;]<\/p>\n<p><a href=\"#_ednref1\" name=\"_edn1\">[i]<\/a> Die Norm <a href=\"https:\/\/www.boutique.afnor.org\/fr-fr\/norme\/nf-en-15251\/criteres-dambiance-interieure-pour-la-conception-et-evaluation-de-la-perfor\/fa137894\/29781\" target=\"_blank\" rel=\"noopener\">NF EN 15251<\/a> wird nun durch die Norm <a href=\"https:\/\/www.boutique.afnor.org\/fr-fr\/norme\/nf-en-167981\/performance-energetique-des-batiments-ventilation-des-batiments-partie-1-do\/fa187070\/85501\" target=\"_blank\" rel=\"noopener\">NF EN 16798<\/a> (Gesamtenergieeffizienz von Geb\u00e4uden) ersetzt.<\/p>\n<p>Es ist anzumerken, dass sich diese Standards weniger regelm\u00e4\u00dfig weiterentwickeln als ihr US-amerikanisches Pendant, die <a href=\"https:\/\/webstore.ansi.org\/standards\/ashrae\/ansiashrae552020?source=blog&amp;_gl=1*1kbve16*_gcl_au*MTA1NDgzMTc2Ni4xNjk0NTI4ODYx\" target=\"_blank\" rel=\"noopener\">l\u2019ASHRAE 55-2020<\/a> die heute als die relevanteste Norm angesehen wird.<\/p>\n<p>Diese beiden Normen haben wir \u00fcbrigens zuvor in dem Artikel \u00ab\u00a0<a href=\"https:\/\/www.brasseurs-air-re2020.com\/de\/thermischer-komfort-im-sommer-und-deckenventilatoren-kann-man-unser-empfinden-quantifizieren\/\" target=\"_blank\" rel=\"noopener\">&#8220;Thermischer Komfort im Sommer und Deckenventilatoren: Kann man unser Empfinden quantifizieren?&#8221; vorgestellt.<\/a><\/p>\n<p><a href=\"#_ednref2\" name=\"_edn2\">[ii]<\/a> Dieses von der ADEME unterst\u00fctzte Forschungsprogramm wird von einem Konsortium durchgef\u00fchrt, das Surya consultants, den Projektleiter (Ingenieurb\u00fcro, Forschung und Entwicklung\/Thermik &#8211; Energie &#8211; Umwelt &#8211; Modellierung); LASA (privates Akustiklabor); ISEA (unabh\u00e4ngiger Soziologe); Laboratoire PIMENT &#8211; Universit\u00e9 publique de la R\u00e9union (G\u00e9nie de l&#8217;Habitat und W\u00e4rmetechnik); Laboratoire Eiffel a\u00e9rodynamique, eine Tochtergesellschaft der CSTB-Gruppe (Aerodynamik &#8211; Experimente); EnvirobatBDM : (Ressourcenzentrum und Ansatz f\u00fcr nachhaltige Geb\u00e4ude im Mittelmeerraum). Dieses Programm ist Preistr\u00e4ger des Aufrufs zur Einreichung von Forschungsprojekten f\u00fcr verantwortungsbewusste Geb\u00e4ude 2020.<\/p>\n<p><a href=\"#_ednref3\" name=\"_edn3\"><span>[iii]<\/span><\/a> Das Thema &#8220;Fl\u00e4cheneinteilung&#8221; wird hier behandelt: <a href=\"https:\/\/www.brasseurs-air-re2020.com\/de\/luftumwaelzer-deckenventilatoren-welche-regeln-gelten-fuer-die-raumaufteilung\/\" target=\"_blank\" rel=\"noopener\">Luftumw\u00e4lzer: Welche Regeln gelten f\u00fcr die Raumaufteilung?<\/a><\/p>\n<p>[\/et_pb_text][\/et_pb_column][\/et_pb_row][\/et_pb_section][et_pb_section fb_built=&#8221;1&#8243; _builder_version=&#8221;4.16&#8243; _module_preset=&#8221;default&#8221; global_colors_info=&#8221;{}&#8221;][et_pb_row _builder_version=&#8221;4.16&#8243; _module_preset=&#8221;default&#8221; global_colors_info=&#8221;{}&#8221;][et_pb_column type=&#8221;4_4&#8243; _builder_version=&#8221;4.16&#8243; _module_preset=&#8221;default&#8221; global_colors_info=&#8221;{}&#8221;][et_pb_text ul_item_indent=&#8221;25px&#8221; _builder_version=&#8221;4.21.0&#8243; _module_preset=&#8221;default&#8221; header_2_font=&#8221;|600||on|||||&#8221; header_2_text_color=&#8221;gcid-93af2058-a512-4f99-b20c-ff5335d6c808&#8243; custom_margin=&#8221;||10px||false|false&#8221; custom_padding=&#8221;||||false|false&#8221; hover_enabled=&#8221;0&#8243; locked=&#8221;off&#8221; global_colors_info=&#8221;{%22gcid-93af2058-a512-4f99-b20c-ff5335d6c808%22:%91%22header_2_text_color%22%93}&#8221; sticky_enabled=&#8221;0&#8243;]<\/p>\n<h2>Reagieren Sie, befragen Sie unsere Experten!<\/h2>\n<p>[\/et_pb_text][et_pb_contact_form use_spam_service=&#8221;on&#8221; recaptcha_list=&#8221;brasseurs-air-re2020com Divi|brasseurs-air-re2020com Divi-0&#8243; email=&#8221;contact@brasseurs-air-re2020.com&#8221; custom_message=&#8221;brasseurs-air-re2020 : Blog &#8211; Brasseurs d\u2019air et simulation thermique dynamique : quels atouts et quelles limites ? ALLEMAND||et_pb_line_break_holder||Nom : %%last_Name%%||et_pb_line_break_holder||Pr\u00e9nom : %%first_Name%%||et_pb_line_break_holder||Email : %%email%%||et_pb_line_break_holder||T\u00e9l\u00e9phone : %%telephone%%||et_pb_line_break_holder||Code postal : %%postal%%||et_pb_line_break_holder||Ville : %%ville%%||et_pb_line_break_holder||Message : %%message%%&#8221; submit_button_text=&#8221;Senden&#8221; _builder_version=&#8221;4.21.0&#8243; _module_preset=&#8221;default&#8221; _unique_id=&#8221;9a009659-e65c-49fb-b268-76f136d04240&#8243; form_field_custom_margin=&#8221;0px||15px||false|false&#8221; form_field_custom_padding=&#8221;13px||13px||true|false&#8221; form_field_font_size=&#8221;14px&#8221; form_field_line_height=&#8221;1em&#8221; custom_button=&#8221;on&#8221; button_text_color=&#8221;#ffffff&#8221; button_bg_color=&#8221;gcid-93af2058-a512-4f99-b20c-ff5335d6c808&#8243; button_custom_margin=&#8221;20px||||false|false&#8221; custom_margin=&#8221;||||false|false&#8221; custom_padding=&#8221;||||false|false&#8221; global_colors_info=&#8221;{%22gcid-93af2058-a512-4f99-b20c-ff5335d6c808%22:%91%22button_bg_color%22%93}&#8221;][et_pb_contact_field field_id=&#8221;last_Name&#8221; field_title=&#8221;Name&#8221; _builder_version=&#8221;4.16&#8243; global_colors_info=&#8221;{}&#8221; button_text_size__hover_enabled=&#8221;off&#8221; button_one_text_size__hover_enabled=&#8221;off&#8221; button_two_text_size__hover_enabled=&#8221;off&#8221; button_text_color__hover_enabled=&#8221;off&#8221; button_one_text_color__hover_enabled=&#8221;off&#8221; button_two_text_color__hover_enabled=&#8221;off&#8221; button_border_width__hover_enabled=&#8221;off&#8221; button_one_border_width__hover_enabled=&#8221;off&#8221; button_two_border_width__hover_enabled=&#8221;off&#8221; button_border_color__hover_enabled=&#8221;off&#8221; button_one_border_color__hover_enabled=&#8221;off&#8221; button_two_border_color__hover_enabled=&#8221;off&#8221; button_border_radius__hover_enabled=&#8221;off&#8221; button_one_border_radius__hover_enabled=&#8221;off&#8221; button_two_border_radius__hover_enabled=&#8221;off&#8221; button_letter_spacing__hover_enabled=&#8221;off&#8221; button_one_letter_spacing__hover_enabled=&#8221;off&#8221; button_two_letter_spacing__hover_enabled=&#8221;off&#8221; button_bg_color__hover_enabled=&#8221;off&#8221; button_one_bg_color__hover_enabled=&#8221;off&#8221; button_two_bg_color__hover_enabled=&#8221;off&#8221;][\/et_pb_contact_field][et_pb_contact_field field_id=&#8221;first_Name&#8221; field_title=&#8221;Vorname&#8221; _builder_version=&#8221;4.16&#8243; global_colors_info=&#8221;{}&#8221; button_text_size__hover_enabled=&#8221;off&#8221; button_one_text_size__hover_enabled=&#8221;off&#8221; button_two_text_size__hover_enabled=&#8221;off&#8221; button_text_color__hover_enabled=&#8221;off&#8221; button_one_text_color__hover_enabled=&#8221;off&#8221; button_two_text_color__hover_enabled=&#8221;off&#8221; button_border_width__hover_enabled=&#8221;off&#8221; button_one_border_width__hover_enabled=&#8221;off&#8221; button_two_border_width__hover_enabled=&#8221;off&#8221; button_border_color__hover_enabled=&#8221;off&#8221; button_one_border_color__hover_enabled=&#8221;off&#8221; button_two_border_color__hover_enabled=&#8221;off&#8221; button_border_radius__hover_enabled=&#8221;off&#8221; button_one_border_radius__hover_enabled=&#8221;off&#8221; button_two_border_radius__hover_enabled=&#8221;off&#8221; button_letter_spacing__hover_enabled=&#8221;off&#8221; button_one_letter_spacing__hover_enabled=&#8221;off&#8221; button_two_letter_spacing__hover_enabled=&#8221;off&#8221; button_bg_color__hover_enabled=&#8221;off&#8221; button_one_bg_color__hover_enabled=&#8221;off&#8221; button_two_bg_color__hover_enabled=&#8221;off&#8221;][\/et_pb_contact_field][et_pb_contact_field field_id=&#8221;email&#8221; field_title=&#8221;Email Adresse&#8221; field_type=&#8221;email&#8221; _builder_version=&#8221;4.16&#8243; global_colors_info=&#8221;{}&#8221; button_text_size__hover_enabled=&#8221;off&#8221; button_one_text_size__hover_enabled=&#8221;off&#8221; button_two_text_size__hover_enabled=&#8221;off&#8221; button_text_color__hover_enabled=&#8221;off&#8221; button_one_text_color__hover_enabled=&#8221;off&#8221; button_two_text_color__hover_enabled=&#8221;off&#8221; button_border_width__hover_enabled=&#8221;off&#8221; button_one_border_width__hover_enabled=&#8221;off&#8221; button_two_border_width__hover_enabled=&#8221;off&#8221; button_border_color__hover_enabled=&#8221;off&#8221; button_one_border_color__hover_enabled=&#8221;off&#8221; button_two_border_color__hover_enabled=&#8221;off&#8221; button_border_radius__hover_enabled=&#8221;off&#8221; button_one_border_radius__hover_enabled=&#8221;off&#8221; button_two_border_radius__hover_enabled=&#8221;off&#8221; button_letter_spacing__hover_enabled=&#8221;off&#8221; button_one_letter_spacing__hover_enabled=&#8221;off&#8221; button_two_letter_spacing__hover_enabled=&#8221;off&#8221; button_bg_color__hover_enabled=&#8221;off&#8221; button_one_bg_color__hover_enabled=&#8221;off&#8221; button_two_bg_color__hover_enabled=&#8221;off&#8221;][\/et_pb_contact_field][et_pb_contact_field field_id=&#8221;telephone&#8221; field_title=&#8221;Telefonnummer&#8221; _builder_version=&#8221;4.16&#8243; _module_preset=&#8221;default&#8221; global_colors_info=&#8221;{}&#8221;][\/et_pb_contact_field][et_pb_contact_field field_id=&#8221;postal&#8221; field_title=&#8221;Postleitzahl&#8221; _builder_version=&#8221;4.16&#8243; _module_preset=&#8221;default&#8221; global_colors_info=&#8221;{}&#8221;][\/et_pb_contact_field][et_pb_contact_field field_id=&#8221;ville&#8221; field_title=&#8221;Stadt&#8221; _builder_version=&#8221;4.16&#8243; _module_preset=&#8221;default&#8221; global_colors_info=&#8221;{}&#8221;][\/et_pb_contact_field][et_pb_contact_field field_id=&#8221;message&#8221; field_title=&#8221;Ihre Nachricht&#8221; field_type=&#8221;text&#8221; fullwidth_field=&#8221;on&#8221; _builder_version=&#8221;4.16&#8243; global_colors_info=&#8221;{}&#8221; button_text_size__hover_enabled=&#8221;off&#8221; button_one_text_size__hover_enabled=&#8221;off&#8221; button_two_text_size__hover_enabled=&#8221;off&#8221; button_text_color__hover_enabled=&#8221;off&#8221; button_one_text_color__hover_enabled=&#8221;off&#8221; button_two_text_color__hover_enabled=&#8221;off&#8221; button_border_width__hover_enabled=&#8221;off&#8221; button_one_border_width__hover_enabled=&#8221;off&#8221; button_two_border_width__hover_enabled=&#8221;off&#8221; button_border_color__hover_enabled=&#8221;off&#8221; button_one_border_color__hover_enabled=&#8221;off&#8221; button_two_border_color__hover_enabled=&#8221;off&#8221; button_border_radius__hover_enabled=&#8221;off&#8221; button_one_border_radius__hover_enabled=&#8221;off&#8221; button_two_border_radius__hover_enabled=&#8221;off&#8221; button_letter_spacing__hover_enabled=&#8221;off&#8221; button_one_letter_spacing__hover_enabled=&#8221;off&#8221; button_two_letter_spacing__hover_enabled=&#8221;off&#8221; button_bg_color__hover_enabled=&#8221;off&#8221; button_one_bg_color__hover_enabled=&#8221;off&#8221; button_two_bg_color__hover_enabled=&#8221;off&#8221;][\/et_pb_contact_field][\/et_pb_contact_form][\/et_pb_column][\/et_pb_row][\/et_pb_section]<\/p>\n","protected":false},"excerpt":{"rendered":"<p>In diesem Artikel konzentrieren wir uns auf die STD-Software von Izuba Energies, um zu zeigen, wie man das Beste aus ihr herausholen kann, insbesondere in Bezug auf Luftumw\u00e4lzer\/Deckenventilatoren und den Sommerkomfort.<\/p>\n","protected":false},"author":1,"featured_media":9365,"comment_status":"closed","ping_status":"closed","sticky":false,"template":"","format":"standard","meta":{"_et_pb_use_builder":"on","_et_pb_old_content":"","_et_gb_content_width":"","footnotes":""},"categories":[45,35],"tags":[],"class_list":["post-9364","post","type-post","status-publish","format-standard","has-post-thumbnail","hentry","category-blog-de","category-unkategorisiert"],"yoast_head":"<!-- This site is optimized with the Yoast SEO plugin v26.7 - https:\/\/yoast.com\/wordpress\/plugins\/seo\/ -->\n<title>Luftumw\u00e4lzer und dynamische thermische Simulation - Luftumw\u00e4lzer RE2020<\/title>\n<meta name=\"description\" content=\"Die dynamische thermische Simulation erm\u00f6glicht es, die Geb\u00e4udeh\u00fclle und die Systeme des Geb\u00e4udes so zu denken, dass der Sommerkomfort verbessert wird.\" \/>\n<meta name=\"robots\" content=\"index, follow, max-snippet:-1, max-image-preview:large, max-video-preview:-1\" \/>\n<link rel=\"canonical\" href=\"https:\/\/www.brasseurs-air-re2020.com\/de\/deckenventilatoren-und-dynamische-thermische-simulation-welche-staerken-und-grenzen-gibt-es\/\" \/>\n<meta property=\"og:locale\" content=\"de_DE\" \/>\n<meta property=\"og:type\" content=\"article\" \/>\n<meta property=\"og:title\" content=\"Luftumw\u00e4lzer und dynamische thermische Simulation - Luftumw\u00e4lzer RE2020\" \/>\n<meta property=\"og:description\" content=\"Die dynamische thermische Simulation erm\u00f6glicht es, die Geb\u00e4udeh\u00fclle und die Systeme des Geb\u00e4udes so zu denken, dass der Sommerkomfort verbessert wird.\" \/>\n<meta property=\"og:url\" content=\"https:\/\/www.brasseurs-air-re2020.com\/de\/deckenventilatoren-und-dynamische-thermische-simulation-welche-staerken-und-grenzen-gibt-es\/\" \/>\n<meta property=\"og:site_name\" content=\"Brasseurs Air RE2020\" \/>\n<meta property=\"article:published_time\" content=\"2023-10-10T19:57:24+00:00\" \/>\n<meta property=\"article:modified_time\" content=\"2026-01-06T18:05:01+00:00\" \/>\n<meta property=\"og:image\" content=\"https:\/\/www.brasseurs-air-re2020.com\/wp-content\/uploads\/2023\/10\/brasseur-d-air-stimulation-thermique-dynamique-01.jpg\" \/>\n\t<meta property=\"og:image:width\" content=\"1100\" \/>\n\t<meta property=\"og:image:height\" content=\"431\" \/>\n\t<meta property=\"og:image:type\" content=\"image\/jpeg\" \/>\n<meta name=\"author\" content=\"Brasseurs Air RE2020\" \/>\n<meta name=\"twitter:card\" content=\"summary_large_image\" \/>\n<meta name=\"twitter:label1\" content=\"Verfasst von\" \/>\n\t<meta name=\"twitter:data1\" content=\"Brasseurs Air RE2020\" \/>\n\t<meta name=\"twitter:label2\" content=\"Gesch\u00e4tzte Lesezeit\" \/>\n\t<meta name=\"twitter:data2\" content=\"39\u00a0Minuten\" \/>\n<script type=\"application\/ld+json\" class=\"yoast-schema-graph\">{\"@context\":\"https:\/\/schema.org\",\"@graph\":[{\"@type\":\"Article\",\"@id\":\"https:\/\/www.brasseurs-air-re2020.com\/de\/deckenventilatoren-und-dynamische-thermische-simulation-welche-staerken-und-grenzen-gibt-es\/#article\",\"isPartOf\":{\"@id\":\"https:\/\/www.brasseurs-air-re2020.com\/de\/deckenventilatoren-und-dynamische-thermische-simulation-welche-staerken-und-grenzen-gibt-es\/\"},\"author\":{\"name\":\"Brasseurs Air RE2020\",\"@id\":\"https:\/\/www.brasseurs-air-re2020.com\/de\/#\/schema\/person\/fa0536b41d60da8652200ecf81f8490a\"},\"headline\":\"Deckenventilatoren und dynamische thermische Simulation: Welche St\u00e4rken und Grenzen gibt es?\",\"datePublished\":\"2023-10-10T19:57:24+00:00\",\"dateModified\":\"2026-01-06T18:05:01+00:00\",\"mainEntityOfPage\":{\"@id\":\"https:\/\/www.brasseurs-air-re2020.com\/de\/deckenventilatoren-und-dynamische-thermische-simulation-welche-staerken-und-grenzen-gibt-es\/\"},\"wordCount\":7831,\"publisher\":{\"@id\":\"https:\/\/www.brasseurs-air-re2020.com\/de\/#organization\"},\"image\":{\"@id\":\"https:\/\/www.brasseurs-air-re2020.com\/de\/deckenventilatoren-und-dynamische-thermische-simulation-welche-staerken-und-grenzen-gibt-es\/#primaryimage\"},\"thumbnailUrl\":\"https:\/\/www.brasseurs-air-re2020.com\/wp-content\/uploads\/2023\/10\/brasseur-d-air-stimulation-thermique-dynamique-01.jpg\",\"articleSection\":[\"Blog DE\",\"Unkategorisiert\"],\"inLanguage\":\"de\"},{\"@type\":\"WebPage\",\"@id\":\"https:\/\/www.brasseurs-air-re2020.com\/de\/deckenventilatoren-und-dynamische-thermische-simulation-welche-staerken-und-grenzen-gibt-es\/\",\"url\":\"https:\/\/www.brasseurs-air-re2020.com\/de\/deckenventilatoren-und-dynamische-thermische-simulation-welche-staerken-und-grenzen-gibt-es\/\",\"name\":\"Luftumw\u00e4lzer und dynamische thermische Simulation - Luftumw\u00e4lzer RE2020\",\"isPartOf\":{\"@id\":\"https:\/\/www.brasseurs-air-re2020.com\/de\/#website\"},\"primaryImageOfPage\":{\"@id\":\"https:\/\/www.brasseurs-air-re2020.com\/de\/deckenventilatoren-und-dynamische-thermische-simulation-welche-staerken-und-grenzen-gibt-es\/#primaryimage\"},\"image\":{\"@id\":\"https:\/\/www.brasseurs-air-re2020.com\/de\/deckenventilatoren-und-dynamische-thermische-simulation-welche-staerken-und-grenzen-gibt-es\/#primaryimage\"},\"thumbnailUrl\":\"https:\/\/www.brasseurs-air-re2020.com\/wp-content\/uploads\/2023\/10\/brasseur-d-air-stimulation-thermique-dynamique-01.jpg\",\"datePublished\":\"2023-10-10T19:57:24+00:00\",\"dateModified\":\"2026-01-06T18:05:01+00:00\",\"description\":\"Die dynamische thermische Simulation erm\u00f6glicht es, die Geb\u00e4udeh\u00fclle und die Systeme des Geb\u00e4udes so zu denken, dass der Sommerkomfort verbessert wird.\",\"breadcrumb\":{\"@id\":\"https:\/\/www.brasseurs-air-re2020.com\/de\/deckenventilatoren-und-dynamische-thermische-simulation-welche-staerken-und-grenzen-gibt-es\/#breadcrumb\"},\"inLanguage\":\"de\",\"potentialAction\":[{\"@type\":\"ReadAction\",\"target\":[\"https:\/\/www.brasseurs-air-re2020.com\/de\/deckenventilatoren-und-dynamische-thermische-simulation-welche-staerken-und-grenzen-gibt-es\/\"]}]},{\"@type\":\"ImageObject\",\"inLanguage\":\"de\",\"@id\":\"https:\/\/www.brasseurs-air-re2020.com\/de\/deckenventilatoren-und-dynamische-thermische-simulation-welche-staerken-und-grenzen-gibt-es\/#primaryimage\",\"url\":\"https:\/\/www.brasseurs-air-re2020.com\/wp-content\/uploads\/2023\/10\/brasseur-d-air-stimulation-thermique-dynamique-01.jpg\",\"contentUrl\":\"https:\/\/www.brasseurs-air-re2020.com\/wp-content\/uploads\/2023\/10\/brasseur-d-air-stimulation-thermique-dynamique-01.jpg\",\"width\":1100,\"height\":431},{\"@type\":\"BreadcrumbList\",\"@id\":\"https:\/\/www.brasseurs-air-re2020.com\/de\/deckenventilatoren-und-dynamische-thermische-simulation-welche-staerken-und-grenzen-gibt-es\/#breadcrumb\",\"itemListElement\":[{\"@type\":\"ListItem\",\"position\":1,\"name\":\"Deckenventilatoren\",\"item\":\"https:\/\/www.brasseurs-air-re2020.com\/de\/\"},{\"@type\":\"ListItem\",\"position\":2,\"name\":\"Blog DE\",\"item\":\"https:\/\/www.brasseurs-air-re2020.com\/de\/category\/blog-de\/\"},{\"@type\":\"ListItem\",\"position\":3,\"name\":\"Deckenventilatoren und dynamische thermische Simulation: Welche St\u00e4rken und Grenzen gibt es?\"}]},{\"@type\":\"WebSite\",\"@id\":\"https:\/\/www.brasseurs-air-re2020.com\/de\/#website\",\"url\":\"https:\/\/www.brasseurs-air-re2020.com\/de\/\",\"name\":\"Brasseurs Air RE2020\",\"description\":\"\",\"publisher\":{\"@id\":\"https:\/\/www.brasseurs-air-re2020.com\/de\/#organization\"},\"potentialAction\":[{\"@type\":\"SearchAction\",\"target\":{\"@type\":\"EntryPoint\",\"urlTemplate\":\"https:\/\/www.brasseurs-air-re2020.com\/de\/?s={search_term_string}\"},\"query-input\":{\"@type\":\"PropertyValueSpecification\",\"valueRequired\":true,\"valueName\":\"search_term_string\"}}],\"inLanguage\":\"de\"},{\"@type\":\"Organization\",\"@id\":\"https:\/\/www.brasseurs-air-re2020.com\/de\/#organization\",\"name\":\"Brasseurs d'air RE2020\",\"url\":\"https:\/\/www.brasseurs-air-re2020.com\/de\/\",\"logo\":{\"@type\":\"ImageObject\",\"inLanguage\":\"de\",\"@id\":\"https:\/\/www.brasseurs-air-re2020.com\/de\/#\/schema\/logo\/image\/\",\"url\":\"https:\/\/www.brasseurs-air-re2020.com\/wp-content\/uploads\/2021\/12\/logo-brasseur-air-re-2020-new-01.png\",\"contentUrl\":\"https:\/\/www.brasseurs-air-re2020.com\/wp-content\/uploads\/2021\/12\/logo-brasseur-air-re-2020-new-01.png\",\"width\":200,\"height\":50,\"caption\":\"Brasseurs d'air RE2020\"},\"image\":{\"@id\":\"https:\/\/www.brasseurs-air-re2020.com\/de\/#\/schema\/logo\/image\/\"},\"sameAs\":[\"https:\/\/www.linkedin.com\/company\/brasseurs-d-air-re2020\/\"]},{\"@type\":\"Person\",\"@id\":\"https:\/\/www.brasseurs-air-re2020.com\/de\/#\/schema\/person\/fa0536b41d60da8652200ecf81f8490a\",\"name\":\"Brasseurs Air RE2020\",\"image\":{\"@type\":\"ImageObject\",\"inLanguage\":\"de\",\"@id\":\"https:\/\/www.brasseurs-air-re2020.com\/de\/#\/schema\/person\/image\/\",\"url\":\"https:\/\/secure.gravatar.com\/avatar\/0cc57458f76be9103b5365114139e2adbf54aafca10f9e65ff2db8ec5e0108b2?s=96&d=mm&r=g\",\"contentUrl\":\"https:\/\/secure.gravatar.com\/avatar\/0cc57458f76be9103b5365114139e2adbf54aafca10f9e65ff2db8ec5e0108b2?s=96&d=mm&r=g\",\"caption\":\"Brasseurs Air RE2020\"},\"sameAs\":[\"http:\/\/www.brasseurs-air-re2020.com\"]}]}<\/script>\n<!-- \/ Yoast SEO plugin. -->","yoast_head_json":{"title":"Luftumw\u00e4lzer und dynamische thermische Simulation - Luftumw\u00e4lzer RE2020","description":"Die dynamische thermische Simulation erm\u00f6glicht es, die Geb\u00e4udeh\u00fclle und die Systeme des Geb\u00e4udes so zu denken, dass der Sommerkomfort verbessert wird.","robots":{"index":"index","follow":"follow","max-snippet":"max-snippet:-1","max-image-preview":"max-image-preview:large","max-video-preview":"max-video-preview:-1"},"canonical":"https:\/\/www.brasseurs-air-re2020.com\/de\/deckenventilatoren-und-dynamische-thermische-simulation-welche-staerken-und-grenzen-gibt-es\/","og_locale":"de_DE","og_type":"article","og_title":"Luftumw\u00e4lzer und dynamische thermische Simulation - Luftumw\u00e4lzer RE2020","og_description":"Die dynamische thermische Simulation erm\u00f6glicht es, die Geb\u00e4udeh\u00fclle und die Systeme des Geb\u00e4udes so zu denken, dass der Sommerkomfort verbessert wird.","og_url":"https:\/\/www.brasseurs-air-re2020.com\/de\/deckenventilatoren-und-dynamische-thermische-simulation-welche-staerken-und-grenzen-gibt-es\/","og_site_name":"Brasseurs Air RE2020","article_published_time":"2023-10-10T19:57:24+00:00","article_modified_time":"2026-01-06T18:05:01+00:00","og_image":[{"width":1100,"height":431,"url":"https:\/\/www.brasseurs-air-re2020.com\/wp-content\/uploads\/2023\/10\/brasseur-d-air-stimulation-thermique-dynamique-01.jpg","type":"image\/jpeg"}],"author":"Brasseurs Air RE2020","twitter_card":"summary_large_image","twitter_misc":{"Verfasst von":"Brasseurs Air RE2020","Gesch\u00e4tzte Lesezeit":"39\u00a0Minuten"},"schema":{"@context":"https:\/\/schema.org","@graph":[{"@type":"Article","@id":"https:\/\/www.brasseurs-air-re2020.com\/de\/deckenventilatoren-und-dynamische-thermische-simulation-welche-staerken-und-grenzen-gibt-es\/#article","isPartOf":{"@id":"https:\/\/www.brasseurs-air-re2020.com\/de\/deckenventilatoren-und-dynamische-thermische-simulation-welche-staerken-und-grenzen-gibt-es\/"},"author":{"name":"Brasseurs Air RE2020","@id":"https:\/\/www.brasseurs-air-re2020.com\/de\/#\/schema\/person\/fa0536b41d60da8652200ecf81f8490a"},"headline":"Deckenventilatoren und dynamische thermische Simulation: Welche St\u00e4rken und Grenzen gibt es?","datePublished":"2023-10-10T19:57:24+00:00","dateModified":"2026-01-06T18:05:01+00:00","mainEntityOfPage":{"@id":"https:\/\/www.brasseurs-air-re2020.com\/de\/deckenventilatoren-und-dynamische-thermische-simulation-welche-staerken-und-grenzen-gibt-es\/"},"wordCount":7831,"publisher":{"@id":"https:\/\/www.brasseurs-air-re2020.com\/de\/#organization"},"image":{"@id":"https:\/\/www.brasseurs-air-re2020.com\/de\/deckenventilatoren-und-dynamische-thermische-simulation-welche-staerken-und-grenzen-gibt-es\/#primaryimage"},"thumbnailUrl":"https:\/\/www.brasseurs-air-re2020.com\/wp-content\/uploads\/2023\/10\/brasseur-d-air-stimulation-thermique-dynamique-01.jpg","articleSection":["Blog DE","Unkategorisiert"],"inLanguage":"de"},{"@type":"WebPage","@id":"https:\/\/www.brasseurs-air-re2020.com\/de\/deckenventilatoren-und-dynamische-thermische-simulation-welche-staerken-und-grenzen-gibt-es\/","url":"https:\/\/www.brasseurs-air-re2020.com\/de\/deckenventilatoren-und-dynamische-thermische-simulation-welche-staerken-und-grenzen-gibt-es\/","name":"Luftumw\u00e4lzer und dynamische thermische Simulation - Luftumw\u00e4lzer RE2020","isPartOf":{"@id":"https:\/\/www.brasseurs-air-re2020.com\/de\/#website"},"primaryImageOfPage":{"@id":"https:\/\/www.brasseurs-air-re2020.com\/de\/deckenventilatoren-und-dynamische-thermische-simulation-welche-staerken-und-grenzen-gibt-es\/#primaryimage"},"image":{"@id":"https:\/\/www.brasseurs-air-re2020.com\/de\/deckenventilatoren-und-dynamische-thermische-simulation-welche-staerken-und-grenzen-gibt-es\/#primaryimage"},"thumbnailUrl":"https:\/\/www.brasseurs-air-re2020.com\/wp-content\/uploads\/2023\/10\/brasseur-d-air-stimulation-thermique-dynamique-01.jpg","datePublished":"2023-10-10T19:57:24+00:00","dateModified":"2026-01-06T18:05:01+00:00","description":"Die dynamische thermische Simulation erm\u00f6glicht es, die Geb\u00e4udeh\u00fclle und die Systeme des Geb\u00e4udes so zu denken, dass der Sommerkomfort verbessert wird.","breadcrumb":{"@id":"https:\/\/www.brasseurs-air-re2020.com\/de\/deckenventilatoren-und-dynamische-thermische-simulation-welche-staerken-und-grenzen-gibt-es\/#breadcrumb"},"inLanguage":"de","potentialAction":[{"@type":"ReadAction","target":["https:\/\/www.brasseurs-air-re2020.com\/de\/deckenventilatoren-und-dynamische-thermische-simulation-welche-staerken-und-grenzen-gibt-es\/"]}]},{"@type":"ImageObject","inLanguage":"de","@id":"https:\/\/www.brasseurs-air-re2020.com\/de\/deckenventilatoren-und-dynamische-thermische-simulation-welche-staerken-und-grenzen-gibt-es\/#primaryimage","url":"https:\/\/www.brasseurs-air-re2020.com\/wp-content\/uploads\/2023\/10\/brasseur-d-air-stimulation-thermique-dynamique-01.jpg","contentUrl":"https:\/\/www.brasseurs-air-re2020.com\/wp-content\/uploads\/2023\/10\/brasseur-d-air-stimulation-thermique-dynamique-01.jpg","width":1100,"height":431},{"@type":"BreadcrumbList","@id":"https:\/\/www.brasseurs-air-re2020.com\/de\/deckenventilatoren-und-dynamische-thermische-simulation-welche-staerken-und-grenzen-gibt-es\/#breadcrumb","itemListElement":[{"@type":"ListItem","position":1,"name":"Deckenventilatoren","item":"https:\/\/www.brasseurs-air-re2020.com\/de\/"},{"@type":"ListItem","position":2,"name":"Blog DE","item":"https:\/\/www.brasseurs-air-re2020.com\/de\/category\/blog-de\/"},{"@type":"ListItem","position":3,"name":"Deckenventilatoren und dynamische thermische Simulation: Welche St\u00e4rken und Grenzen gibt es?"}]},{"@type":"WebSite","@id":"https:\/\/www.brasseurs-air-re2020.com\/de\/#website","url":"https:\/\/www.brasseurs-air-re2020.com\/de\/","name":"Brasseurs Air RE2020","description":"","publisher":{"@id":"https:\/\/www.brasseurs-air-re2020.com\/de\/#organization"},"potentialAction":[{"@type":"SearchAction","target":{"@type":"EntryPoint","urlTemplate":"https:\/\/www.brasseurs-air-re2020.com\/de\/?s={search_term_string}"},"query-input":{"@type":"PropertyValueSpecification","valueRequired":true,"valueName":"search_term_string"}}],"inLanguage":"de"},{"@type":"Organization","@id":"https:\/\/www.brasseurs-air-re2020.com\/de\/#organization","name":"Brasseurs d'air RE2020","url":"https:\/\/www.brasseurs-air-re2020.com\/de\/","logo":{"@type":"ImageObject","inLanguage":"de","@id":"https:\/\/www.brasseurs-air-re2020.com\/de\/#\/schema\/logo\/image\/","url":"https:\/\/www.brasseurs-air-re2020.com\/wp-content\/uploads\/2021\/12\/logo-brasseur-air-re-2020-new-01.png","contentUrl":"https:\/\/www.brasseurs-air-re2020.com\/wp-content\/uploads\/2021\/12\/logo-brasseur-air-re-2020-new-01.png","width":200,"height":50,"caption":"Brasseurs d'air RE2020"},"image":{"@id":"https:\/\/www.brasseurs-air-re2020.com\/de\/#\/schema\/logo\/image\/"},"sameAs":["https:\/\/www.linkedin.com\/company\/brasseurs-d-air-re2020\/"]},{"@type":"Person","@id":"https:\/\/www.brasseurs-air-re2020.com\/de\/#\/schema\/person\/fa0536b41d60da8652200ecf81f8490a","name":"Brasseurs Air RE2020","image":{"@type":"ImageObject","inLanguage":"de","@id":"https:\/\/www.brasseurs-air-re2020.com\/de\/#\/schema\/person\/image\/","url":"https:\/\/secure.gravatar.com\/avatar\/0cc57458f76be9103b5365114139e2adbf54aafca10f9e65ff2db8ec5e0108b2?s=96&d=mm&r=g","contentUrl":"https:\/\/secure.gravatar.com\/avatar\/0cc57458f76be9103b5365114139e2adbf54aafca10f9e65ff2db8ec5e0108b2?s=96&d=mm&r=g","caption":"Brasseurs Air RE2020"},"sameAs":["http:\/\/www.brasseurs-air-re2020.com"]}]}},"_links":{"self":[{"href":"https:\/\/www.brasseurs-air-re2020.com\/de\/wp-json\/wp\/v2\/posts\/9364","targetHints":{"allow":["GET"]}}],"collection":[{"href":"https:\/\/www.brasseurs-air-re2020.com\/de\/wp-json\/wp\/v2\/posts"}],"about":[{"href":"https:\/\/www.brasseurs-air-re2020.com\/de\/wp-json\/wp\/v2\/types\/post"}],"author":[{"embeddable":true,"href":"https:\/\/www.brasseurs-air-re2020.com\/de\/wp-json\/wp\/v2\/users\/1"}],"replies":[{"embeddable":true,"href":"https:\/\/www.brasseurs-air-re2020.com\/de\/wp-json\/wp\/v2\/comments?post=9364"}],"version-history":[{"count":37,"href":"https:\/\/www.brasseurs-air-re2020.com\/de\/wp-json\/wp\/v2\/posts\/9364\/revisions"}],"predecessor-version":[{"id":16924,"href":"https:\/\/www.brasseurs-air-re2020.com\/de\/wp-json\/wp\/v2\/posts\/9364\/revisions\/16924"}],"wp:featuredmedia":[{"embeddable":true,"href":"https:\/\/www.brasseurs-air-re2020.com\/de\/wp-json\/wp\/v2\/media\/9365"}],"wp:attachment":[{"href":"https:\/\/www.brasseurs-air-re2020.com\/de\/wp-json\/wp\/v2\/media?parent=9364"}],"wp:term":[{"taxonomy":"category","embeddable":true,"href":"https:\/\/www.brasseurs-air-re2020.com\/de\/wp-json\/wp\/v2\/categories?post=9364"},{"taxonomy":"post_tag","embeddable":true,"href":"https:\/\/www.brasseurs-air-re2020.com\/de\/wp-json\/wp\/v2\/tags?post=9364"}],"curies":[{"name":"wp","href":"https:\/\/api.w.org\/{rel}","templated":true}]}}